{"id":2480,"date":"2025-07-28T08:27:01","date_gmt":"2025-07-28T06:27:01","guid":{"rendered":"https:\/\/svreudern.de\/?p=2480"},"modified":"2025-07-28T08:28:07","modified_gmt":"2025-07-28T06:28:07","slug":"luis-osswald-deustcher-vize-hochschulmeister","status":"publish","type":"post","link":"https:\/\/svreudern.de\/?p=2480","title":{"rendered":"Luis O\u00dfwald Deutscher Vize-Hochschulmeister"},"content":{"rendered":"<div class=\"x14z9mp xat24cr x1lziwak x1vvkbs xtlvy1s x126k92a\">\n<div dir=\"auto\">(jo) Vergangenes Wochenende fanden in Wombach die Deutschen Meisterschaften im Mountainbike Cross Country statt.<\/div>\n<div dir=\"auto\">Bereits am Freitag Abend fand das gemeinsame Short Race (XCC) der Elite und U23 statt. Mit am Start des kleinen aber feinen Starterfelds war Luis O\u00dfwald. In einem richtig schnellen Rennen ohne Verschnaupfpausen \u00fcber 8 Runden setzten sich mit Luca Schwarzbauer (am Ende Deutscher Meister) und Leon Kaiser (2.) zwei Top-Athleten des Nationalkaders direkt an die Spitze und legten den Speed mit ca. 2min40 \/ Runde fest. Dahinter k\u00e4mpften mit David List (3.), Julian Schelb und Niklas Schehl weitere Nationalmannschaftsfahrer um die Pl\u00e4tze 3-5. Luis konnte sich sein Rennen super einteilen. Er fuhr seine Runden im Bereich von 3 Minuten, was ihn zun\u00e4chst auf Platz 12 hielt. Mit dieser Konstanz der Rundenzeiten und einem klasse \u00dcberholman\u00f6ver in einer 180\u00b0 Kehre direkt am Ende der Tech\/Feed Zone gegen Timo Brandl schaffte es Luis sich 2 Runden vor Schlu\u00df auf Platz 11 vorzuschieben. Leider war Platz 10 nicht mehr in Reichweite und so freute sich Luis \u00fcber diese Leistung und Platz 11. Damit war er auch zweitbester U23 Fahrer an diesem Abend !<\/div>\n<div dir=\"auto\">Am Sonntag stand dann das U23 Rennen auf dem Programm. Neben Luis O\u00dfwald stand auch Patrick Ander im 32 k\u00f6pfigen Starterfeld. F\u00fcr Luis ging es von Startplatz 17 auf den anspruchsvollen Rundkurs, w\u00e4hrend Patrick als Vorletzter das Rennen aufnahm. Luis hatte gleich im Startloop leider Probleme mit der Luft und fand sich zu Beginn der ersten Runde nur auf Platz 25 ein. Sein selbst gestecktes Ziel in die Top15 zu fahren r\u00fcckte in weite Ferne. In Runde 1 ging es dann darum Pl\u00e4tze aufzuholen, doch leider kam auch noch Pech bei den beiden Reuderner Fahrer hinzu. W\u00e4hrend Luis sich im Steinfeld einen schleichenden Plattfu\u00df holte und wieder wertvolle Zeit und Pl\u00e4tze verlor, musste Patrick sein Rennen ganz beenden. Nach dem Stopp in der Techzone versuchte sich Luis dann Platz um Platz nach vorne zu k\u00e4mpfen, was ihm mit guten Rundenzeiten auch gelang. Er fuhr zeitweise sogar 40 Sekunden je Runde schneller als die Fahrer um Platz 15. Doch die guten Zeiten halfen ihm am Ende nicht mehr und so wurde Luis \u00fcber die 80% Regelung eine Runde fr\u00fcher aus dem Rennen genommen. So musste Luis sein Rennen auf Platz 18 beenden, was ihn leider zun\u00e4chst etwas entt\u00e4uscht im Ziel zur\u00fccklie\u00df.<\/div>\n<div dir=\"auto\">Jedoch fand im Rahmen der Deutschen Meisterschaft auch die Deutsche Hochschulmeisterschaft statt. Es gab hier kein separates Rennen, sondern die Hochsch\u00fcler wurden innerhalb der Wertung des U23 bzw. Elite Rennens gewertet. Und hier lag Luis (f\u00fcr seine Hochschule N\u00fcrtingen-Geislingen) richtig gut platziert. Am Ende darf sich Luis hier \u00fcber Platz 2 und die Deutsche Vizemeisterschaft freuen !<\/div>\n<div dir=\"auto\">Weiter fanden im Rahmen der DM auch Rennen der Bundes-Nachwuchssichtung sowie des Frankencups statt. Auch hier waren Fahrer und Fahrerinnen des SV Reudern am Start.<\/div>\n<div dir=\"auto\">In der Bundes-NWS der Klasse U15 erreichte Lorenz Kr\u00fcger den 41. Platz. Im Frankencup belegten in der Klasse U13 die beiden SVR-Fahrerinnen Carolin Sch\u00f6ttle den 4. Platz und Veronika Kr\u00fcger Platz 9. Im Rennen der U11 weiblich belegte Annika Sch\u00f6ttle den 8.Platz.<\/div>\n<\/div>\n<div class=\"x14z9mp xat24cr x1lziwak x1vvkbs xtlvy1s x126k92a\">\n<div dir=\"auto\">F\u00fcr alle Teilnehmer des SVR war es sicherlich ein sch\u00f6nes, spannendes und auch lehrreiches Rennwochenende im Rahmen der DM und im Kreis der besten deutschen Mountainbiker.<\/div>\n<\/div>\n","protected":false},"excerpt":{"rendered":"<p>(jo) Vergangenes Wochenende fanden in Wombach die Deutschen Meisterschaften im Mountainbike Cross Country statt. Bereits am Freitag Abend fand das gemeinsame Short Race (XCC) der Elite und U23 statt. Mit am Start des kleinen aber feinen Starterfelds war Luis O\u00dfwald. <a class=\"more-link\" href=\"https:\/\/svreudern.de\/?p=2480\">weiterlesen&#8230;<\/a><\/p>\n","protected":false},"author":10,"featured_media":2479,"comment_status":"closed","ping_status":"closed","sticky":false,"template":"","format":"standard","meta":{"footnotes":"","_links_to":"","_links_to_target":""},"categories":[1],"tags":[],"class_list":["post-2480","post","type-post","status-publish","format-standard","has-post-thumbnail","hentry","category-verein"],"_links":{"self":[{"href":"https:\/\/svreudern.de\/index.php?rest_route=\/wp\/v2\/posts\/2480","targetHints":{"allow":["GET"]}}],"collection":[{"href":"https:\/\/svreudern.de\/index.php?rest_route=\/wp\/v2\/posts"}],"about":[{"href":"https:\/\/svreudern.de\/index.php?rest_route=\/wp\/v2\/types\/post"}],"author":[{"embeddable":true,"href":"https:\/\/svreudern.de\/index.php?rest_route=\/wp\/v2\/users\/10"}],"replies":[{"embeddable":true,"href":"https:\/\/svreudern.de\/index.php?rest_route=%2Fwp%2Fv2%2Fcomments&post=2480"}],"version-history":[{"count":2,"href":"https:\/\/svreudern.de\/index.php?rest_route=\/wp\/v2\/posts\/2480\/revisions"}],"predecessor-version":[{"id":2482,"href":"https:\/\/svreudern.de\/index.php?rest_route=\/wp\/v2\/posts\/2480\/revisions\/2482"}],"wp:featuredmedia":[{"embeddable":true,"href":"https:\/\/svreudern.de\/index.php?rest_route=\/wp\/v2\/media\/2479"}],"wp:attachment":[{"href":"https:\/\/svreudern.de\/index.php?rest_route=%2Fwp%2Fv2%2Fmedia&parent=2480"}],"wp:term":[{"taxonomy":"category","embeddable":true,"href":"https:\/\/svreudern.de\/index.php?rest_route=%2Fwp%2Fv2%2Fcategories&post=2480"},{"taxonomy":"post_tag","embeddable":true,"href":"https:\/\/svreudern.de\/index.php?rest_route=%2Fwp%2Fv2%2Ftags&post=2480"}],"curies":[{"name":"wp","href":"https:\/\/api.w.org\/{rel}","templated":true}]}}