{"id":2538,"date":"2026-03-16T18:33:58","date_gmt":"2026-03-16T17:33:58","guid":{"rendered":"https:\/\/svreudern.de\/?p=2538"},"modified":"2026-03-16T18:33:58","modified_gmt":"2026-03-16T17:33:58","slug":"fitness-style-b-startet-wieder-am-17-04-2026","status":"publish","type":"post","link":"https:\/\/svreudern.de\/?p=2538","title":{"rendered":"Fitness Style B startet wieder am 17.04.2026"},"content":{"rendered":"<div class=\"entry-content\">\n<p>Der Kurs bietet die M\u00f6glichkeit, rundum fit und gesund zu bleiben sowie die eigene k\u00f6rperliche Leistungsf\u00e4higkeit zu steigern.<br \/>\nZielgruppe sind alle, die Spa\u00df an Bewegung haben und die gezielt eine Stunde Fitnesstraining in den Alltag einbauen m\u00f6chten \u2013 ohne Altersbeschr\u00e4nkung.\u00a0Der Kurs startet am 17.04.2026 und ist immer Freitags von 19:30 Uhr bis 20:30 Uhr im Gymnastikraum der Gemeindehalle.<br \/>\nN\u00e4here Infos gibt es unter <a class=\"moz-txt-link-freetext\" href=\"https:\/\/svreudern.de\/leichtathletik\/?page_id=1453\">https:\/\/svreudern.de\/leichtathletik\/?page_id=1453<\/a><\/p>\n<\/div>\n","protected":false},"excerpt":{"rendered":"<p>Der Kurs bietet die M\u00f6glichkeit, rundum fit und gesund zu bleiben sowie die eigene k\u00f6rperliche Leistungsf\u00e4higkeit zu steigern. Zielgruppe sind alle, die Spa\u00df an Bewegung haben und die gezielt eine Stunde Fitnesstraining in den Alltag einbauen m\u00f6chten \u2013 ohne Altersbeschr\u00e4nkung.\u00a0Der <a class=\"more-link\" href=\"https:\/\/svreudern.de\/?p=2538\">weiterlesen&#8230;<\/a><\/p>\n","protected":false},"author":10,"featured_media":1294,"comment_status":"closed","ping_status":"closed","sticky":false,"template":"","format":"standard","meta":{"footnotes":"","_links_to":"","_links_to_target":""},"categories":[1],"tags":[],"class_list":["post-2538","post","type-post","status-publish","format-standard","has-post-thumbnail","hentry","category-verein"],"_links":{"self":[{"href":"https:\/\/svreudern.de\/index.php?rest_route=\/wp\/v2\/posts\/2538","targetHints":{"allow":["GET"]}}],"collection":[{"href":"https:\/\/svreudern.de\/index.php?rest_route=\/wp\/v2\/posts"}],"about":[{"href":"https:\/\/svreudern.de\/index.php?rest_route=\/wp\/v2\/types\/post"}],"author":[{"embeddable":true,"href":"https:\/\/svreudern.de\/index.php?rest_route=\/wp\/v2\/users\/10"}],"replies":[{"embeddable":true,"href":"https:\/\/svreudern.de\/index.php?rest_route=%2Fwp%2Fv2%2Fcomments&post=2538"}],"version-history":[{"count":1,"href":"https:\/\/svreudern.de\/index.php?rest_route=\/wp\/v2\/posts\/2538\/revisions"}],"predecessor-version":[{"id":2539,"href":"https:\/\/svreudern.de\/index.php?rest_route=\/wp\/v2\/posts\/2538\/revisions\/2539"}],"wp:featuredmedia":[{"embeddable":true,"href":"https:\/\/svreudern.de\/index.php?rest_route=\/wp\/v2\/media\/1294"}],"wp:attachment":[{"href":"https:\/\/svreudern.de\/index.php?rest_route=%2Fwp%2Fv2%2Fmedia&parent=2538"}],"wp:term":[{"taxonomy":"category","embeddable":true,"href":"https:\/\/svreudern.de\/index.php?rest_route=%2Fwp%2Fv2%2Fcategories&post=2538"},{"taxonomy":"post_tag","embeddable":true,"href":"https:\/\/svreudern.de\/index.php?rest_route=%2Fwp%2Fv2%2Ftags&post=2538"}],"curies":[{"name":"wp","href":"https:\/\/api.w.org\/{rel}","templated":true}]}}