{"id":1256,"date":"2021-07-17T16:43:35","date_gmt":"2021-07-17T16:43:35","guid":{"rendered":"https:\/\/svreudern.de\/leichtathletik\/?p=1256"},"modified":"2021-07-17T17:04:47","modified_gmt":"2021-07-17T17:04:47","slug":"restart-kursangebot-babys-in-bewegung","status":"publish","type":"post","link":"https:\/\/svreudern.de\/leichtathletik\/?p=1256","title":{"rendered":"\u201eRestart\u201c Kursangebot \u201eBabys in Bewegung\u201c"},"content":{"rendered":"\n<p>Diese Kursreihe begleitet Babys und ihre Eltern im ersten Lebensjahr und teilweise dar\u00fcber hinaus.<br>Bewegen, Tasten, Greifen, Ber\u00fchren, F\u00fchlen und Strampeln, Drehen, Streichelmassagen und vieles mehr sind die Inhalte des Programms.<\/p>\n\n\n\n<p>&nbsp; Hier sind Sie genau richtig,<\/p>\n\n\n\n<ul class=\"wp-block-list\"><li>wenn Sie sich und Ihrem Baby ein bisschen gemeinsame Zeit schenken wollen,<\/li><li>wenn Sie neue Kontakte kn\u00fcpfen und Spa\u00df haben wollen,<\/li><li>wenn Sie sich gerne mit anderen Eltern austauschen wollen,<\/li><li>wenn eine Auszeit f\u00fcr beide im Trubel des Alltags selten m\u00f6glich ist.<\/li><\/ul>\n\n\n\n<p><strong>Diese Kurse k\u00f6nnen hoffentlich im September beginnen!!<\/strong><\/p>\n\n\n\n<p><strong><u>f\u00fcr M\u00e4rz 2021 bis Juni 2021 geborene Kinder<\/u><\/strong><br>Kursblock ab 20. September 2021<br>immer montags von 9.30 Uhr bis 11.00 Uhr<\/p>\n\n\n\n<p><strong><u>f\u00fcr Februar 2020 bis Juli 2020 geborene Kinder<\/u><\/strong><br>Kursblock ab 24. September 2021<br>immer freitags 9.30 Uhr bis 11.00 Uhr<\/p>\n\n\n\n<p>Eine Gruppe besteht aus 8 bis h\u00f6chstens 10 Babys mit je einer Begleitperson.<\/p>\n\n\n\n<p><strong>Kursort:&nbsp;&nbsp;&nbsp;&nbsp;&nbsp;&nbsp;&nbsp; <\/strong>im Gymnastikraum der Gemeindehalle Reudern<\/p>\n\n\n\n<p><strong>Kosten:<\/strong>&nbsp;&nbsp;&nbsp;&nbsp;&nbsp;&nbsp;&nbsp;&nbsp; f\u00fcr Vereinsmitglieder pro Einheit 5 Euro<br>                    f\u00fcr Nichtmitglieder pro Einheit 7 Euro&nbsp;&nbsp;&nbsp;&nbsp;&nbsp;<\/p>\n\n\n\n<p>Bei Interesse:<br>Karin Burr<br>Telefon 07022\/211671<br>E-Mail karin-burr(a)web.de<\/p>\n\n\n\n<p>&nbsp;&nbsp;&nbsp;&nbsp;&nbsp;&nbsp;&nbsp;&nbsp;&nbsp;&nbsp;&nbsp;<\/p>\n\n\n\n<p><\/p>\n","protected":false},"excerpt":{"rendered":"<p>Diese Kursreihe begleitet Babys und ihre Eltern im ersten Lebensjahr und teilweise dar\u00fcber hinaus.Bewegen, Tasten, Greifen, Ber\u00fchren, F\u00fchlen und Strampeln, Drehen, Streichelmassagen und vieles mehr sind die Inhalte des Programms. &nbsp; Hier sind Sie genau richtig, wenn Sie sich und Ihrem Baby ein bisschen gemeinsame Zeit schenken wollen, wenn Sie neue Kontakte kn\u00fcpfen und Spa\u00df <a class=\"more-link\" href=\"https:\/\/svreudern.de\/leichtathletik\/?p=1256\">weiterlesen&#8230;<\/a><\/p>\n","protected":false},"author":7,"featured_media":0,"comment_status":"closed","ping_status":"closed","sticky":false,"template":"","format":"standard","meta":{"footnotes":""},"categories":[1],"tags":[],"class_list":["post-1256","post","type-post","status-publish","format-standard","hentry","category-news"],"_links":{"self":[{"href":"https:\/\/svreudern.de\/leichtathletik\/index.php?rest_route=\/wp\/v2\/posts\/1256","targetHints":{"allow":["GET"]}}],"collection":[{"href":"https:\/\/svreudern.de\/leichtathletik\/index.php?rest_route=\/wp\/v2\/posts"}],"about":[{"href":"https:\/\/svreudern.de\/leichtathletik\/index.php?rest_route=\/wp\/v2\/types\/post"}],"author":[{"embeddable":true,"href":"https:\/\/svreudern.de\/leichtathletik\/index.php?rest_route=\/wp\/v2\/users\/7"}],"replies":[{"embeddable":true,"href":"https:\/\/svreudern.de\/leichtathletik\/index.php?rest_route=%2Fwp%2Fv2%2Fcomments&post=1256"}],"version-history":[{"count":2,"href":"https:\/\/svreudern.de\/leichtathletik\/index.php?rest_route=\/wp\/v2\/posts\/1256\/revisions"}],"predecessor-version":[{"id":1260,"href":"https:\/\/svreudern.de\/leichtathletik\/index.php?rest_route=\/wp\/v2\/posts\/1256\/revisions\/1260"}],"wp:attachment":[{"href":"https:\/\/svreudern.de\/leichtathletik\/index.php?rest_route=%2Fwp%2Fv2%2Fmedia&parent=1256"}],"wp:term":[{"taxonomy":"category","embeddable":true,"href":"https:\/\/svreudern.de\/leichtathletik\/index.php?rest_route=%2Fwp%2Fv2%2Fcategories&post=1256"},{"taxonomy":"post_tag","embeddable":true,"href":"https:\/\/svreudern.de\/leichtathletik\/index.php?rest_route=%2Fwp%2Fv2%2Ftags&post=1256"}],"curies":[{"name":"wp","href":"https:\/\/api.w.org\/{rel}","templated":true}]}}