{"id":1292,"date":"2022-02-27T14:07:05","date_gmt":"2022-02-27T14:07:05","guid":{"rendered":"https:\/\/svreudern.de\/leichtathletik\/?p=1292"},"modified":"2022-02-27T14:07:06","modified_gmt":"2022-02-27T14:07:06","slug":"hauptversammlung-am-11-maerz-2022","status":"publish","type":"post","link":"https:\/\/svreudern.de\/leichtathletik\/?p=1292","title":{"rendered":"Hauptversammlung am 11. M\u00e4rz 2022"},"content":{"rendered":"\n<p><em>Am Freitag, 11. M\u00e4rz findet die diesj\u00e4hrige Hauptversammlung statt. Dazu laden wir alle Mitglieder unseres Vereins herzlich ein. Folgende Tagesordnung ist geplant:<\/em><\/p>\n\n\n\n<ul class=\"wp-block-list\"><li><em>Begr\u00fc\u00dfung<\/em><\/li><li><em>Totenehrung<\/em><\/li><li><em>Bericht Vorstand Sport und Jugend<\/em><\/li><li><em>Bericht Vorstand Organisation<\/em><\/li><li><em>Bericht Vorstand \u00d6ffentlichkeitsarbeit<\/em><\/li><li><em>Bericht Vorstand Finanzen<\/em><\/li><li><em>Bericht der Kassenpr\u00fcfer\/in<\/em><\/li><li><em>Entlastung des Vorstands<\/em><\/li><li><em>Neuwahlen<\/em><\/li><li><em>Ehrungen<\/em><\/li><li><em>Antr\u00e4ge<\/em><\/li><li><em>Sonstiges<\/em><\/li><\/ul>\n\n\n\n<p><em>Beginn ist um 19:00 im Sportheim Reudern. Coronabedingt kann es jederzeit zu \u00c4nderungen kommen, die wir aber rechtzeitig bekanntgeben.<\/em><em>\u00dcber die dann g\u00fcltigen Coronavorschriften werden wir ebenfalls rechtzeitig informieren.<\/em><em>Antr\u00e4ge m\u00fcssen bis sp\u00e4testens Freitag, 6.3. per mail an <a href=\"mailto:info@svreudern.de\">info@svreudern.de<\/a> eingegangen sein.<\/em><em>Der Vorstand SV Reudern<\/em><\/p>\n","protected":false},"excerpt":{"rendered":"<p>Am Freitag, 11. M\u00e4rz findet die diesj\u00e4hrige Hauptversammlung statt. Dazu laden wir alle Mitglieder unseres Vereins herzlich ein. Folgende Tagesordnung ist geplant: Begr\u00fc\u00dfung Totenehrung Bericht Vorstand Sport und Jugend Bericht Vorstand Organisation Bericht Vorstand \u00d6ffentlichkeitsarbeit Bericht Vorstand Finanzen Bericht der Kassenpr\u00fcfer\/in Entlastung des Vorstands Neuwahlen Ehrungen Antr\u00e4ge Sonstiges Beginn ist um 19:00 im Sportheim Reudern. <a class=\"more-link\" href=\"https:\/\/svreudern.de\/leichtathletik\/?p=1292\">weiterlesen&#8230;<\/a><\/p>\n","protected":false},"author":7,"featured_media":0,"comment_status":"closed","ping_status":"closed","sticky":false,"template":"","format":"standard","meta":{"footnotes":""},"categories":[1],"tags":[],"class_list":["post-1292","post","type-post","status-publish","format-standard","hentry","category-news"],"_links":{"self":[{"href":"https:\/\/svreudern.de\/leichtathletik\/index.php?rest_route=\/wp\/v2\/posts\/1292","targetHints":{"allow":["GET"]}}],"collection":[{"href":"https:\/\/svreudern.de\/leichtathletik\/index.php?rest_route=\/wp\/v2\/posts"}],"about":[{"href":"https:\/\/svreudern.de\/leichtathletik\/index.php?rest_route=\/wp\/v2\/types\/post"}],"author":[{"embeddable":true,"href":"https:\/\/svreudern.de\/leichtathletik\/index.php?rest_route=\/wp\/v2\/users\/7"}],"replies":[{"embeddable":true,"href":"https:\/\/svreudern.de\/leichtathletik\/index.php?rest_route=%2Fwp%2Fv2%2Fcomments&post=1292"}],"version-history":[{"count":1,"href":"https:\/\/svreudern.de\/leichtathletik\/index.php?rest_route=\/wp\/v2\/posts\/1292\/revisions"}],"predecessor-version":[{"id":1293,"href":"https:\/\/svreudern.de\/leichtathletik\/index.php?rest_route=\/wp\/v2\/posts\/1292\/revisions\/1293"}],"wp:attachment":[{"href":"https:\/\/svreudern.de\/leichtathletik\/index.php?rest_route=%2Fwp%2Fv2%2Fmedia&parent=1292"}],"wp:term":[{"taxonomy":"category","embeddable":true,"href":"https:\/\/svreudern.de\/leichtathletik\/index.php?rest_route=%2Fwp%2Fv2%2Fcategories&post=1292"},{"taxonomy":"post_tag","embeddable":true,"href":"https:\/\/svreudern.de\/leichtathletik\/index.php?rest_route=%2Fwp%2Fv2%2Ftags&post=1292"}],"curies":[{"name":"wp","href":"https:\/\/api.w.org\/{rel}","templated":true}]}}