{"id":1322,"date":"2023-03-20T18:50:48","date_gmt":"2023-03-20T18:50:48","guid":{"rendered":"https:\/\/svreudern.de\/leichtathletik\/?p=1322"},"modified":"2023-03-20T18:50:48","modified_gmt":"2023-03-20T18:50:48","slug":"einladung-zur-hauptversammlung-des-sv-reudern","status":"publish","type":"post","link":"https:\/\/svreudern.de\/leichtathletik\/?p=1322","title":{"rendered":"Einladung zur Hauptversammlung des SV Reudern"},"content":{"rendered":"\n<p><em>Am Freitag, 5. Mai findet die Jahreshauptversammlung statt. <\/em><br><em>Begonnen wir diese um 19:00 Uhr im Sportheim mit einer au\u00dfergew\u00f6hnlichen Hauptversammlung, bei der \u00fcber eine Satzungs\u00e4nderung abgestimmt werdern muss. <\/em><br><em>Direkt im Anschluss findet dann die eigentliche Hauptversammlung statt. <\/em><br><em>Diese Reihenfolge wurde uns aufgrund vereinsjuristischer Bestimmungen vorgegeben.<\/em><br><br><em><strong>Tagesordnung Au\u00dferordentliche Hauptversammlung<\/strong><\/em><br><br><em>Begr\u00fc\u00dfung<\/em><br><em>Vorstellung\u00a0 \u201eSatzungs\u00e4nderung\u201d<\/em><br><em>anschlie\u00dfend <\/em><br><br><em><strong>Tagesordnung Hauptversammlung SV Reudern<\/strong><\/em><br><br><em>Bericht Vorstand Sport und Jugend<\/em><br><em>Bericht Vorstand Organisation<\/em><br><em>Bericht Vorstand \u00d6ffentlichkeitsarbeit<\/em><br><em>Bericht Vorstand Finanzen<\/em><br><em>Bericht der Kassenpr\u00fcfer\/in<\/em><br><em>Entlastung des Vorstands<\/em><br><em>Neuwahlen<\/em><br><em>Ehrungen<\/em><br><em>Antr\u00e4ge<\/em><br><em>Sonstiges<\/em><br><br><em>Antr\u00e4ge m\u00fcssen per Mail an <a href=\"mailto:info@svreudern.de\">info@svreudern.de<\/a> bis sp\u00e4testens Freitag, 28.4. 2023 eingegangen sein.<\/em><br><br><em>Die Vorstandsschaft SV Reudern<\/em><\/p>\n","protected":false},"excerpt":{"rendered":"<p>Am Freitag, 5. Mai findet die Jahreshauptversammlung statt. Begonnen wir diese um 19:00 Uhr im Sportheim mit einer au\u00dfergew\u00f6hnlichen Hauptversammlung, bei der \u00fcber eine Satzungs\u00e4nderung abgestimmt werdern muss. Direkt im Anschluss findet dann die eigentliche Hauptversammlung statt. Diese Reihenfolge wurde uns aufgrund vereinsjuristischer Bestimmungen vorgegeben. Tagesordnung Au\u00dferordentliche Hauptversammlung Begr\u00fc\u00dfungVorstellung\u00a0 \u201eSatzungs\u00e4nderung\u201danschlie\u00dfend Tagesordnung Hauptversammlung SV Reudern Bericht <a class=\"more-link\" href=\"https:\/\/svreudern.de\/leichtathletik\/?p=1322\">weiterlesen&#8230;<\/a><\/p>\n","protected":false},"author":7,"featured_media":0,"comment_status":"closed","ping_status":"closed","sticky":false,"template":"","format":"standard","meta":{"footnotes":""},"categories":[1],"tags":[],"class_list":["post-1322","post","type-post","status-publish","format-standard","hentry","category-news"],"_links":{"self":[{"href":"https:\/\/svreudern.de\/leichtathletik\/index.php?rest_route=\/wp\/v2\/posts\/1322","targetHints":{"allow":["GET"]}}],"collection":[{"href":"https:\/\/svreudern.de\/leichtathletik\/index.php?rest_route=\/wp\/v2\/posts"}],"about":[{"href":"https:\/\/svreudern.de\/leichtathletik\/index.php?rest_route=\/wp\/v2\/types\/post"}],"author":[{"embeddable":true,"href":"https:\/\/svreudern.de\/leichtathletik\/index.php?rest_route=\/wp\/v2\/users\/7"}],"replies":[{"embeddable":true,"href":"https:\/\/svreudern.de\/leichtathletik\/index.php?rest_route=%2Fwp%2Fv2%2Fcomments&post=1322"}],"version-history":[{"count":1,"href":"https:\/\/svreudern.de\/leichtathletik\/index.php?rest_route=\/wp\/v2\/posts\/1322\/revisions"}],"predecessor-version":[{"id":1323,"href":"https:\/\/svreudern.de\/leichtathletik\/index.php?rest_route=\/wp\/v2\/posts\/1322\/revisions\/1323"}],"wp:attachment":[{"href":"https:\/\/svreudern.de\/leichtathletik\/index.php?rest_route=%2Fwp%2Fv2%2Fmedia&parent=1322"}],"wp:term":[{"taxonomy":"category","embeddable":true,"href":"https:\/\/svreudern.de\/leichtathletik\/index.php?rest_route=%2Fwp%2Fv2%2Fcategories&post=1322"},{"taxonomy":"post_tag","embeddable":true,"href":"https:\/\/svreudern.de\/leichtathletik\/index.php?rest_route=%2Fwp%2Fv2%2Ftags&post=1322"}],"curies":[{"name":"wp","href":"https:\/\/api.w.org\/{rel}","templated":true}]}}