{"id":1325,"date":"2023-03-28T19:22:28","date_gmt":"2023-03-28T19:22:28","guid":{"rendered":"https:\/\/svreudern.de\/leichtathletik\/?p=1325"},"modified":"2023-03-28T19:35:17","modified_gmt":"2023-03-28T19:35:17","slug":"neuer-kurs-fitness-style-b","status":"publish","type":"post","link":"https:\/\/svreudern.de\/leichtathletik\/?p=1325","title":{"rendered":"Neuer Kurs: Fitness Style B"},"content":{"rendered":"\n<p>Der Kurs bietet die M\u00f6glichkeit, rundum fit und gesund zu bleiben sowie die eigene<br>k\u00f6rperliche Leistungsf\u00e4higkeit zu steigern.<br>Zielgruppe sind alle, die Spa\u00df an Bewegung haben und die gezielt eine Stunde<br>Fitnesstraining in den Alltag einbauen m\u00f6chten \u2013 ohne Altersbeschr\u00e4nkung.<br>Entsprechend der Zusammensetzung der Gruppe wird versucht<br>verschiedene Schwierigkeitslevels anzubieten, damit jeder auf seinem<br>Leistungsniveau trainieren, aber auch Grenzen austesten kann.<br>Neben dem klassischen Stundenabl\u00e4ufen mit Aufw\u00e4rmen, Ausdauerteil, Kr\u00e4ftigung<br>und abschlie\u00dfender Entspannung werden wir auch abwechslungsreiche, andere<br>Stundenabl\u00e4ufe mit Intervalltraining, Stoffwechseltraining, Zirkeltraining uvm.<br>kennen lernen und gemeinsam ausprobieren.<br>Auch Elemente aus dem Aerobic und Stepaerobic d\u00fcrfen nicht fehlen.<br>Durch den Einsatz verschiedener Ger\u00e4te wird keine Stunde der anderen gleichen \u2013<br>Abwechslung und Spa\u00df sind garantiert!<br>Begleitet wird das Training durch passende Musik.<br>Zum Abschluss jeder Stunde wird eine kurze Stretchingeinheit oder<br>Entspannungs\u00fcbung f\u00fcr einen guten Start ins Wochenende sorgen.<br>Ziel soll vor allem sein als Gruppe gemeinsam Spa\u00df an der Bewegung zu<br>haben. Ganz automatisch trainieren wir dadurch unsere Ausdauer, Kraft und<br>Koordinativen F\u00e4higkeiten.<\/p>\n\n\n\n<p>Ort: Gemeindehalle Reudern, Gymnastikraum,<br>Zugang \u00fcber Sportlereingang im Schulhof<br>Wochentag: Freitag<br>Uhrzeit: 19:30 bis 20:30 Uhr; immer 60 min<\/p>\n\n\n\n<p>Der Kurs beginnt am 21. April 2023 und findet insgesamt 8 mal statt<\/p>\n\n\n\n<p>Kursgeb\u00fchr:<br>Nichtvereinsmitglieder 40 \u20ac <br>Mitglieder 24 \u20ac<\/p>\n\n\n\n<p>Trainerin: <br>Bianca Weber<br>Telefon 07021\/8668568<br>Mobil 0178\/8267572<\/p>\n\n\n\n<p><br><\/p>\n\n\n\n\n\n<p><\/p>\n","protected":false},"excerpt":{"rendered":"<p>Der Kurs bietet die M\u00f6glichkeit, rundum fit und gesund zu bleiben sowie die eigenek\u00f6rperliche Leistungsf\u00e4higkeit zu steigern.Zielgruppe sind alle, die Spa\u00df an Bewegung haben und die gezielt eine StundeFitnesstraining in den Alltag einbauen m\u00f6chten \u2013 ohne Altersbeschr\u00e4nkung.Entsprechend der Zusammensetzung der Gruppe wird versuchtverschiedene Schwierigkeitslevels anzubieten, damit jeder auf seinemLeistungsniveau trainieren, aber auch Grenzen austesten kann.Neben <a class=\"more-link\" href=\"https:\/\/svreudern.de\/leichtathletik\/?p=1325\">weiterlesen&#8230;<\/a><\/p>\n","protected":false},"author":7,"featured_media":0,"comment_status":"closed","ping_status":"closed","sticky":false,"template":"","format":"standard","meta":{"footnotes":""},"categories":[1],"tags":[],"class_list":["post-1325","post","type-post","status-publish","format-standard","hentry","category-news"],"_links":{"self":[{"href":"https:\/\/svreudern.de\/leichtathletik\/index.php?rest_route=\/wp\/v2\/posts\/1325","targetHints":{"allow":["GET"]}}],"collection":[{"href":"https:\/\/svreudern.de\/leichtathletik\/index.php?rest_route=\/wp\/v2\/posts"}],"about":[{"href":"https:\/\/svreudern.de\/leichtathletik\/index.php?rest_route=\/wp\/v2\/types\/post"}],"author":[{"embeddable":true,"href":"https:\/\/svreudern.de\/leichtathletik\/index.php?rest_route=\/wp\/v2\/users\/7"}],"replies":[{"embeddable":true,"href":"https:\/\/svreudern.de\/leichtathletik\/index.php?rest_route=%2Fwp%2Fv2%2Fcomments&post=1325"}],"version-history":[{"count":4,"href":"https:\/\/svreudern.de\/leichtathletik\/index.php?rest_route=\/wp\/v2\/posts\/1325\/revisions"}],"predecessor-version":[{"id":1331,"href":"https:\/\/svreudern.de\/leichtathletik\/index.php?rest_route=\/wp\/v2\/posts\/1325\/revisions\/1331"}],"wp:attachment":[{"href":"https:\/\/svreudern.de\/leichtathletik\/index.php?rest_route=%2Fwp%2Fv2%2Fmedia&parent=1325"}],"wp:term":[{"taxonomy":"category","embeddable":true,"href":"https:\/\/svreudern.de\/leichtathletik\/index.php?rest_route=%2Fwp%2Fv2%2Fcategories&post=1325"},{"taxonomy":"post_tag","embeddable":true,"href":"https:\/\/svreudern.de\/leichtathletik\/index.php?rest_route=%2Fwp%2Fv2%2Ftags&post=1325"}],"curies":[{"name":"wp","href":"https:\/\/api.w.org\/{rel}","templated":true}]}}