{"id":1333,"date":"2023-05-24T20:27:26","date_gmt":"2023-05-24T20:27:26","guid":{"rendered":"https:\/\/svreudern.de\/leichtathletik\/?p=1333"},"modified":"2023-05-24T20:32:13","modified_gmt":"2023-05-24T20:32:13","slug":"abteilungsversammlung-am-14-06-2023","status":"publish","type":"post","link":"https:\/\/svreudern.de\/leichtathletik\/?p=1333","title":{"rendered":"Abteilungsversammlung am 14.06.2023"},"content":{"rendered":"\n<p>Hiermit laden wir alle recht herzlich zur Abteilungsversammlung am <strong>Mittwoch, den 14.06.2023, um 20 Uhr<\/strong> ins Sportheim ein.<\/p>\n\n\n\n<p>Antr\u00e4ge zur Tagesordnung sind bis zum 09.06.2023 bei der Gesch\u00e4ftsstelle abzugeben oder per E-Mail an <a href=\"mailto:leichtathletik@svreudern.de\">leichtathletik(a)svreudern.de<\/a><br><\/p>\n\n\n\n<p><strong>Tagesordnung<\/strong><\/p>\n\n\n\n<ol class=\"wp-block-list\" type=\"1\">\n<li>Bericht Sport und Jugend<\/li>\n\n\n\n<li>Bericht Organisation<\/li>\n\n\n\n<li>Bericht Finanzen<\/li>\n\n\n\n<li>Entlastung der Abteilungsleitung<\/li>\n\n\n\n<li>Wahlen<\/li>\n\n\n\n<li>Sonstiges<\/li>\n<\/ol>\n\n\n\n<p><br>\u00dcber eine zahlreiche Teilnahme w\u00fcrden wir uns freuen.<\/p>\n\n\n\n<p>J\u00f6rg Unger, Jens Bommel, Thorsten Wriske<br>Abteilungsleiter Leichtathletik &amp; Freizeitsport<\/p>\n","protected":false},"excerpt":{"rendered":"<p>Hiermit laden wir alle recht herzlich zur Abteilungsversammlung am Mittwoch, den 14.06.2023, um 20 Uhr ins Sportheim ein. Antr\u00e4ge zur Tagesordnung sind bis zum 09.06.2023 bei der Gesch\u00e4ftsstelle abzugeben oder per E-Mail an leichtathletik(a)svreudern.de Tagesordnung \u00dcber eine zahlreiche Teilnahme w\u00fcrden wir uns freuen. J\u00f6rg Unger, Jens Bommel, Thorsten WriskeAbteilungsleiter Leichtathletik &amp; Freizeitsport<\/p>\n","protected":false},"author":7,"featured_media":0,"comment_status":"closed","ping_status":"closed","sticky":false,"template":"","format":"standard","meta":{"footnotes":""},"categories":[1],"tags":[],"class_list":["post-1333","post","type-post","status-publish","format-standard","hentry","category-news"],"_links":{"self":[{"href":"https:\/\/svreudern.de\/leichtathletik\/index.php?rest_route=\/wp\/v2\/posts\/1333","targetHints":{"allow":["GET"]}}],"collection":[{"href":"https:\/\/svreudern.de\/leichtathletik\/index.php?rest_route=\/wp\/v2\/posts"}],"about":[{"href":"https:\/\/svreudern.de\/leichtathletik\/index.php?rest_route=\/wp\/v2\/types\/post"}],"author":[{"embeddable":true,"href":"https:\/\/svreudern.de\/leichtathletik\/index.php?rest_route=\/wp\/v2\/users\/7"}],"replies":[{"embeddable":true,"href":"https:\/\/svreudern.de\/leichtathletik\/index.php?rest_route=%2Fwp%2Fv2%2Fcomments&post=1333"}],"version-history":[{"count":4,"href":"https:\/\/svreudern.de\/leichtathletik\/index.php?rest_route=\/wp\/v2\/posts\/1333\/revisions"}],"predecessor-version":[{"id":1338,"href":"https:\/\/svreudern.de\/leichtathletik\/index.php?rest_route=\/wp\/v2\/posts\/1333\/revisions\/1338"}],"wp:attachment":[{"href":"https:\/\/svreudern.de\/leichtathletik\/index.php?rest_route=%2Fwp%2Fv2%2Fmedia&parent=1333"}],"wp:term":[{"taxonomy":"category","embeddable":true,"href":"https:\/\/svreudern.de\/leichtathletik\/index.php?rest_route=%2Fwp%2Fv2%2Fcategories&post=1333"},{"taxonomy":"post_tag","embeddable":true,"href":"https:\/\/svreudern.de\/leichtathletik\/index.php?rest_route=%2Fwp%2Fv2%2Ftags&post=1333"}],"curies":[{"name":"wp","href":"https:\/\/api.w.org\/{rel}","templated":true}]}}