{"id":1898,"date":"2024-07-09T19:06:21","date_gmt":"2024-07-09T19:06:21","guid":{"rendered":"https:\/\/svreudern.de\/leichtathletik\/?p=1898"},"modified":"2024-07-09T19:25:04","modified_gmt":"2024-07-09T19:25:04","slug":"sporttag-am-freitag-den-13-09-2024","status":"publish","type":"post","link":"https:\/\/svreudern.de\/leichtathletik\/?p=1898","title":{"rendered":"Sporttag am Freitag, den 13.09.2024"},"content":{"rendered":"\n<p>Da wir genug Helfer gefunden haben, k\u00f6nnen wir in diesem Jahr wieder die Abnahme des Sportabzeichens anbieten. \u00a0\u00a0\u00a0<\/p>\n\n\n\n<p>F\u00fcr Kinder ab 6 Jahren ist dies m\u00f6glich.<\/p>\n\n\n\n<p>F\u00fcr alle Kinder unter 6 Jahren gibt es die M\u00f6glichkeit, beim Mini-Sportabzeichen mitzumachen.<\/p>\n\n\n\n<p>Treffpunkt f\u00fcr alle Kinder ist um 15.30 Uhr und f\u00fcr alle Erwachsenen um 17.30 Uhr. &nbsp;&nbsp;&nbsp;&nbsp;&nbsp;&nbsp;&nbsp;&nbsp;&nbsp;&nbsp;&nbsp;&nbsp;&nbsp;&nbsp;&nbsp;&nbsp;&nbsp;&nbsp;&nbsp;&nbsp;&nbsp;&nbsp;&nbsp;&nbsp;&nbsp;&nbsp;&nbsp;&nbsp;&nbsp;&nbsp;&nbsp;&nbsp;&nbsp;&nbsp;&nbsp;&nbsp;&nbsp;&nbsp;&nbsp;&nbsp;&nbsp;&nbsp;&nbsp;&nbsp;&nbsp;&nbsp;&nbsp;&nbsp;&nbsp;&nbsp;&nbsp;&nbsp;&nbsp;&nbsp;&nbsp;&nbsp;&nbsp;<\/p>\n\n\n\n<p>Nach dem gemeinsamen Aufw\u00e4rmen geht es dann in Gruppen los zu den einzelnen Stationen.<\/p>\n\n\n\n<p><strong>F\u00fcr euer leibliches Wohl gibt es Butterbrezeln, Saitenw\u00fcrstchen und Hefezopf und einen Getr\u00e4nkeverkauf.<\/strong><\/p>\n\n\n\n<p>Es ist in Planung, dass dann die Urkunden im Rahmen einer Abteilungs-Jahresfeier im Herbst \u00fcberreicht werden.<\/p>\n\n\n\n<p>Die Anmeldeformulare gibt es unter dem Men\u00fc Downloads.<br>Gerne die ausgef\u00fcllten Formulare auch per E-Mail an leichtathletik(a)svreudern.de senden.<\/p>\n\n\n\n<p><\/p>\n","protected":false},"excerpt":{"rendered":"<p>Da wir genug Helfer gefunden haben, k\u00f6nnen wir in diesem Jahr wieder die Abnahme des Sportabzeichens anbieten. \u00a0\u00a0\u00a0 F\u00fcr Kinder ab 6 Jahren ist dies m\u00f6glich. F\u00fcr alle Kinder unter 6 Jahren gibt es die M\u00f6glichkeit, beim Mini-Sportabzeichen mitzumachen. Treffpunkt f\u00fcr alle Kinder ist um 15.30 Uhr und f\u00fcr alle Erwachsenen um 17.30 Uhr. &nbsp;&nbsp;&nbsp;&nbsp;&nbsp;&nbsp;&nbsp;&nbsp;&nbsp;&nbsp;&nbsp;&nbsp;&nbsp;&nbsp;&nbsp;&nbsp;&nbsp;&nbsp;&nbsp;&nbsp;&nbsp;&nbsp;&nbsp;&nbsp;&nbsp;&nbsp;&nbsp;&nbsp;&nbsp;&nbsp;&nbsp;&nbsp;&nbsp;&nbsp;&nbsp;&nbsp;&nbsp;&nbsp;&nbsp;&nbsp;&nbsp;&nbsp;&nbsp;&nbsp;&nbsp;&nbsp;&nbsp;&nbsp;&nbsp;&nbsp;&nbsp;&nbsp;&nbsp;&nbsp;&nbsp;&nbsp;&nbsp; <a class=\"more-link\" href=\"https:\/\/svreudern.de\/leichtathletik\/?p=1898\">weiterlesen&#8230;<\/a><\/p>\n","protected":false},"author":7,"featured_media":0,"comment_status":"closed","ping_status":"closed","sticky":false,"template":"","format":"standard","meta":{"footnotes":""},"categories":[1],"tags":[],"class_list":["post-1898","post","type-post","status-publish","format-standard","hentry","category-news"],"_links":{"self":[{"href":"https:\/\/svreudern.de\/leichtathletik\/index.php?rest_route=\/wp\/v2\/posts\/1898","targetHints":{"allow":["GET"]}}],"collection":[{"href":"https:\/\/svreudern.de\/leichtathletik\/index.php?rest_route=\/wp\/v2\/posts"}],"about":[{"href":"https:\/\/svreudern.de\/leichtathletik\/index.php?rest_route=\/wp\/v2\/types\/post"}],"author":[{"embeddable":true,"href":"https:\/\/svreudern.de\/leichtathletik\/index.php?rest_route=\/wp\/v2\/users\/7"}],"replies":[{"embeddable":true,"href":"https:\/\/svreudern.de\/leichtathletik\/index.php?rest_route=%2Fwp%2Fv2%2Fcomments&post=1898"}],"version-history":[{"count":3,"href":"https:\/\/svreudern.de\/leichtathletik\/index.php?rest_route=\/wp\/v2\/posts\/1898\/revisions"}],"predecessor-version":[{"id":1906,"href":"https:\/\/svreudern.de\/leichtathletik\/index.php?rest_route=\/wp\/v2\/posts\/1898\/revisions\/1906"}],"wp:attachment":[{"href":"https:\/\/svreudern.de\/leichtathletik\/index.php?rest_route=%2Fwp%2Fv2%2Fmedia&parent=1898"}],"wp:term":[{"taxonomy":"category","embeddable":true,"href":"https:\/\/svreudern.de\/leichtathletik\/index.php?rest_route=%2Fwp%2Fv2%2Fcategories&post=1898"},{"taxonomy":"post_tag","embeddable":true,"href":"https:\/\/svreudern.de\/leichtathletik\/index.php?rest_route=%2Fwp%2Fv2%2Ftags&post=1898"}],"curies":[{"name":"wp","href":"https:\/\/api.w.org\/{rel}","templated":true}]}}