{"id":2026,"date":"2025-04-26T15:06:49","date_gmt":"2025-04-26T15:06:49","guid":{"rendered":"https:\/\/svreudern.de\/leichtathletik\/?p=2026"},"modified":"2025-04-26T15:25:46","modified_gmt":"2025-04-26T15:25:46","slug":"neues-angebot-zumba-step-am-dem-09-05-2025","status":"publish","type":"post","link":"https:\/\/svreudern.de\/leichtathletik\/?p=2026","title":{"rendered":"Neues Angebot Zumba Step ab dem 09.05.2025"},"content":{"rendered":"\n<p><\/p>\n\n\n\n<p>Am 09.05.2025 startet das neue Angebot Zumba Step. Hierbei handelt es sich um einen<br>energiegeladener Kurs, der die beliebten Rhythmen und Tanzbewegung von Zumba\u00ae mit dem gezielten Step-Training kombiniert. Der Kurs eignet sich f\u00fcr alle, die keine erheblichen gesundheitlichen<br>Einschr\u00e4nkungen haben und Spa\u00df an Bewegungen und einem effektiven Workout<br>haben.<br>Zumba\u00ae Step legt den Fokus auf Bein- und Po-Muskulatur, st\u00e4rkt das Herzkreislauf<br>System, verbessert die Ausdauer, Koordination, Flexibilit\u00e4t und das Gleichgewicht.<\/p>\n\n\n\n<p><\/p>\n","protected":false},"excerpt":{"rendered":"<p>Am 09.05.2025 startet das neue Angebot Zumba Step. Hierbei handelt es sich um einenenergiegeladener Kurs, der die beliebten Rhythmen und Tanzbewegung von Zumba\u00ae mit dem gezielten Step-Training kombiniert. Der Kurs eignet sich f\u00fcr alle, die keine erheblichen gesundheitlichenEinschr\u00e4nkungen haben und Spa\u00df an Bewegungen und einem effektiven Workouthaben.Zumba\u00ae Step legt den Fokus auf Bein- und Po-Muskulatur, <a class=\"more-link\" href=\"https:\/\/svreudern.de\/leichtathletik\/?p=2026\">weiterlesen&#8230;<\/a><\/p>\n","protected":false},"author":7,"featured_media":0,"comment_status":"closed","ping_status":"closed","sticky":false,"template":"","format":"standard","meta":{"footnotes":""},"categories":[1],"tags":[],"class_list":["post-2026","post","type-post","status-publish","format-standard","hentry","category-news"],"_links":{"self":[{"href":"https:\/\/svreudern.de\/leichtathletik\/index.php?rest_route=\/wp\/v2\/posts\/2026","targetHints":{"allow":["GET"]}}],"collection":[{"href":"https:\/\/svreudern.de\/leichtathletik\/index.php?rest_route=\/wp\/v2\/posts"}],"about":[{"href":"https:\/\/svreudern.de\/leichtathletik\/index.php?rest_route=\/wp\/v2\/types\/post"}],"author":[{"embeddable":true,"href":"https:\/\/svreudern.de\/leichtathletik\/index.php?rest_route=\/wp\/v2\/users\/7"}],"replies":[{"embeddable":true,"href":"https:\/\/svreudern.de\/leichtathletik\/index.php?rest_route=%2Fwp%2Fv2%2Fcomments&post=2026"}],"version-history":[{"count":4,"href":"https:\/\/svreudern.de\/leichtathletik\/index.php?rest_route=\/wp\/v2\/posts\/2026\/revisions"}],"predecessor-version":[{"id":2041,"href":"https:\/\/svreudern.de\/leichtathletik\/index.php?rest_route=\/wp\/v2\/posts\/2026\/revisions\/2041"}],"wp:attachment":[{"href":"https:\/\/svreudern.de\/leichtathletik\/index.php?rest_route=%2Fwp%2Fv2%2Fmedia&parent=2026"}],"wp:term":[{"taxonomy":"category","embeddable":true,"href":"https:\/\/svreudern.de\/leichtathletik\/index.php?rest_route=%2Fwp%2Fv2%2Fcategories&post=2026"},{"taxonomy":"post_tag","embeddable":true,"href":"https:\/\/svreudern.de\/leichtathletik\/index.php?rest_route=%2Fwp%2Fv2%2Ftags&post=2026"}],"curies":[{"name":"wp","href":"https:\/\/api.w.org\/{rel}","templated":true}]}}