{"id":2181,"date":"2026-01-25T09:07:50","date_gmt":"2026-01-25T09:07:50","guid":{"rendered":"https:\/\/svreudern.de\/leichtathletik\/?p=2181"},"modified":"2026-01-25T09:07:50","modified_gmt":"2026-01-25T09:07:50","slug":"hauptversammlung-am-27-maerz-2026","status":"publish","type":"post","link":"https:\/\/svreudern.de\/leichtathletik\/?p=2181","title":{"rendered":"Hauptversammlung am 27. M\u00e4rz 2026"},"content":{"rendered":"\n<p><br><em>Hauptversammlung des SV Reudern am 27. M\u00e4rz 2026<br><br>Am Freitag, 27. M\u00e4rz findet die diesj\u00e4hrige Hauptversammlung des SV Reudern statt. Dazu laden wir alle Mitglieder unseres Vereins herzlich ein. Folgende Tagesordnung ist geplant:<br><br>\u00a0\u00a0\u00a0 Begr\u00fc\u00dfung<br>\u00a0\u00a0\u00a0 Totenehrung<br>\u00a0\u00a0\u00a0 Bericht Vorstand Sport und Jugend<br>\u00a0\u00a0\u00a0 Bericht Vorstand Organisation<br>\u00a0\u00a0\u00a0 Bericht Vorstand \u00d6ffentlichkeitsarbeit<br>\u00a0\u00a0\u00a0 Bericht Vorstand Finanzen<br>\u00a0\u00a0\u00a0 Bericht der Kassenpr\u00fcfer\/in<br>\u00a0\u00a0\u00a0 Entlastung des Vorstands<br>\u00a0\u00a0\u00a0 Neuwahlen<br>\u00a0\u00a0\u00a0 Ehrungen<br>\u00a0\u00a0\u00a0 Antr\u00e4ge<br>\u00a0\u00a0\u00a0 Sonstiges<br><br>Beginn ist um 19:00 im Sportheim Reudern.<br>Antr\u00e4ge m\u00fcssen bis sp\u00e4testens Freitag, 20.3. per mail an info@svreudern de eingegangen sein.<br>Der Vorstand SV Reudern<\/em><\/p>\n","protected":false},"excerpt":{"rendered":"<p>Hauptversammlung des SV Reudern am 27. M\u00e4rz 2026 Am Freitag, 27. M\u00e4rz findet die diesj\u00e4hrige Hauptversammlung des SV Reudern statt. Dazu laden wir alle Mitglieder unseres Vereins herzlich ein. Folgende Tagesordnung ist geplant: \u00a0\u00a0\u00a0 Begr\u00fc\u00dfung\u00a0\u00a0\u00a0 Totenehrung\u00a0\u00a0\u00a0 Bericht Vorstand Sport und Jugend\u00a0\u00a0\u00a0 Bericht Vorstand Organisation\u00a0\u00a0\u00a0 Bericht Vorstand \u00d6ffentlichkeitsarbeit\u00a0\u00a0\u00a0 Bericht Vorstand Finanzen\u00a0\u00a0\u00a0 Bericht der Kassenpr\u00fcfer\/in\u00a0\u00a0\u00a0 Entlastung des <a class=\"more-link\" href=\"https:\/\/svreudern.de\/leichtathletik\/?p=2181\">weiterlesen&#8230;<\/a><\/p>\n","protected":false},"author":7,"featured_media":0,"comment_status":"closed","ping_status":"closed","sticky":false,"template":"","format":"standard","meta":{"footnotes":""},"categories":[1],"tags":[],"class_list":["post-2181","post","type-post","status-publish","format-standard","hentry","category-news"],"_links":{"self":[{"href":"https:\/\/svreudern.de\/leichtathletik\/index.php?rest_route=\/wp\/v2\/posts\/2181","targetHints":{"allow":["GET"]}}],"collection":[{"href":"https:\/\/svreudern.de\/leichtathletik\/index.php?rest_route=\/wp\/v2\/posts"}],"about":[{"href":"https:\/\/svreudern.de\/leichtathletik\/index.php?rest_route=\/wp\/v2\/types\/post"}],"author":[{"embeddable":true,"href":"https:\/\/svreudern.de\/leichtathletik\/index.php?rest_route=\/wp\/v2\/users\/7"}],"replies":[{"embeddable":true,"href":"https:\/\/svreudern.de\/leichtathletik\/index.php?rest_route=%2Fwp%2Fv2%2Fcomments&post=2181"}],"version-history":[{"count":1,"href":"https:\/\/svreudern.de\/leichtathletik\/index.php?rest_route=\/wp\/v2\/posts\/2181\/revisions"}],"predecessor-version":[{"id":2182,"href":"https:\/\/svreudern.de\/leichtathletik\/index.php?rest_route=\/wp\/v2\/posts\/2181\/revisions\/2182"}],"wp:attachment":[{"href":"https:\/\/svreudern.de\/leichtathletik\/index.php?rest_route=%2Fwp%2Fv2%2Fmedia&parent=2181"}],"wp:term":[{"taxonomy":"category","embeddable":true,"href":"https:\/\/svreudern.de\/leichtathletik\/index.php?rest_route=%2Fwp%2Fv2%2Fcategories&post=2181"},{"taxonomy":"post_tag","embeddable":true,"href":"https:\/\/svreudern.de\/leichtathletik\/index.php?rest_route=%2Fwp%2Fv2%2Ftags&post=2181"}],"curies":[{"name":"wp","href":"https:\/\/api.w.org\/{rel}","templated":true}]}}