{"id":2221,"date":"2026-03-16T12:58:01","date_gmt":"2026-03-16T12:58:01","guid":{"rendered":"https:\/\/svreudern.de\/leichtathletik\/?p=2221"},"modified":"2026-03-16T12:59:39","modified_gmt":"2026-03-16T12:59:39","slug":"fitness-style-b-startet-wieder-am-17-04-2026","status":"publish","type":"post","link":"https:\/\/svreudern.de\/leichtathletik\/?p=2221","title":{"rendered":"Fitness Style B startet wieder am 17.04.2026"},"content":{"rendered":"\n<p><br>Der Kurs bietet die M\u00f6glichkeit, rundum fit und gesund zu bleiben sowie die eigene k\u00f6rperliche Leistungsf\u00e4higkeit zu steigern. Zielgruppe sind alle, die Spa\u00df an Bewegung haben und die gezielt eine Stunde Fitnesstraining in den Alltag einbauen m\u00f6chten \u2013 ohne Altersbeschr\u00e4nkung. <br><a href=\"https:\/\/svreudern.de\/leichtathletik\/?page_id=1453\" data-type=\"link\" data-id=\"https:\/\/svreudern.de\/leichtathletik\/?page_id=1453\">N\u00e4here Infos gibt es hier<\/a><br><\/p>\n\n\n\n<p><\/p>\n","protected":false},"excerpt":{"rendered":"<p>Der Kurs bietet die M\u00f6glichkeit, rundum fit und gesund zu bleiben sowie die eigene k\u00f6rperliche Leistungsf\u00e4higkeit zu steigern. Zielgruppe sind alle, die Spa\u00df an Bewegung haben und die gezielt eine Stunde Fitnesstraining in den Alltag einbauen m\u00f6chten \u2013 ohne Altersbeschr\u00e4nkung. N\u00e4here Infos gibt es hier<\/p>\n","protected":false},"author":7,"featured_media":0,"comment_status":"closed","ping_status":"closed","sticky":false,"template":"","format":"standard","meta":{"footnotes":""},"categories":[1],"tags":[],"class_list":["post-2221","post","type-post","status-publish","format-standard","hentry","category-news"],"_links":{"self":[{"href":"https:\/\/svreudern.de\/leichtathletik\/index.php?rest_route=\/wp\/v2\/posts\/2221","targetHints":{"allow":["GET"]}}],"collection":[{"href":"https:\/\/svreudern.de\/leichtathletik\/index.php?rest_route=\/wp\/v2\/posts"}],"about":[{"href":"https:\/\/svreudern.de\/leichtathletik\/index.php?rest_route=\/wp\/v2\/types\/post"}],"author":[{"embeddable":true,"href":"https:\/\/svreudern.de\/leichtathletik\/index.php?rest_route=\/wp\/v2\/users\/7"}],"replies":[{"embeddable":true,"href":"https:\/\/svreudern.de\/leichtathletik\/index.php?rest_route=%2Fwp%2Fv2%2Fcomments&post=2221"}],"version-history":[{"count":3,"href":"https:\/\/svreudern.de\/leichtathletik\/index.php?rest_route=\/wp\/v2\/posts\/2221\/revisions"}],"predecessor-version":[{"id":2224,"href":"https:\/\/svreudern.de\/leichtathletik\/index.php?rest_route=\/wp\/v2\/posts\/2221\/revisions\/2224"}],"wp:attachment":[{"href":"https:\/\/svreudern.de\/leichtathletik\/index.php?rest_route=%2Fwp%2Fv2%2Fmedia&parent=2221"}],"wp:term":[{"taxonomy":"category","embeddable":true,"href":"https:\/\/svreudern.de\/leichtathletik\/index.php?rest_route=%2Fwp%2Fv2%2Fcategories&post=2221"},{"taxonomy":"post_tag","embeddable":true,"href":"https:\/\/svreudern.de\/leichtathletik\/index.php?rest_route=%2Fwp%2Fv2%2Ftags&post=2221"}],"curies":[{"name":"wp","href":"https:\/\/api.w.org\/{rel}","templated":true}]}}