{"id":1799,"date":"2017-09-14T22:53:32","date_gmt":"2017-09-14T20:53:32","guid":{"rendered":"http:\/\/www.sportvereinreudern.de\/rad\/?p=1799"},"modified":"2017-09-14T22:53:32","modified_gmt":"2017-09-14T20:53:32","slug":"bundesnachwuchstrainer-nominiert-kira-boehm-und-ben-grupp-fuer-die-roc-dazur","status":"publish","type":"post","link":"https:\/\/svreudern.de\/rad\/?p=1799","title":{"rendered":"Bundesnachwuchstrainer nominiert Kira B\u00f6hm und Ben Grupp f\u00fcr die Roc d\u00b4Azur"},"content":{"rendered":"(rb) Unsere beiden U17-Fahrer Kira B\u00f6hm und Ben Grupp wurden von Bundestrainer Thomas Freienstein f\u00fcr das Europacuprennen im Rahmen des MTB-Festivals \"Roc d'Azur\" nominiert.\r\nDeutschland stellt jedes Jahr f\u00fcr dieses Highlight an der franz\u00f6sischen K\u00fcste bei St. Raphael eine U17er Auswahl.\r\nDie Sportler werden montags anreisen und die Woche \u00fcber einen MTB-Lehrgang unter der Regie von Thomas Freienstein bestreiten, um sonntags zum kr\u00f6nenden Abschluss an den Start des Rennens gehen zu k\u00f6nnen.\r\nRoc <a href=\"https:\/\/svreudern.de\/rad\/?p=1799\" class=\"more-link\">Read more [...]<\/a>","protected":false},"excerpt":{"rendered":"<p>(rb) Unsere beiden U17-Fahrer Kira B\u00f6hm und Ben Grupp wurden von Bundestrainer Thomas Freienstein f\u00fcr das Europacuprennen im Rahmen des MTB-Festivals &#8222;Roc d&#8217;Azur&#8220; nominiert. Deutschland stellt jedes Jahr f\u00fcr dieses Highlight an der franz\u00f6sischen K\u00fcste bei St. Raphael eine U17er Auswahl. Die Sportler werden montags anreisen und die Woche \u00fcber <a class=\"more-link\" href=\"https:\/\/svreudern.de\/rad\/?p=1799\">weiterlesen&#8230;<\/a><\/p>\n","protected":false},"author":6,"featured_media":1771,"comment_status":"closed","ping_status":"closed","sticky":false,"template":"","format":"standard","meta":{"ngg_post_thumbnail":0,"footnotes":""},"categories":[1],"tags":[],"class_list":["post-1799","post","type-post","status-publish","format-standard","has-post-thumbnail","hentry","category-start"],"publishpress_future_action":{"enabled":false,"date":"2026-05-02 12:12:24","action":"change-status","newStatus":"draft","terms":[],"taxonomy":"category","extraData":[]},"publishpress_future_workflow_manual_trigger":{"enabledWorkflows":[]},"_links":{"self":[{"href":"https:\/\/svreudern.de\/rad\/index.php?rest_route=\/wp\/v2\/posts\/1799","targetHints":{"allow":["GET"]}}],"collection":[{"href":"https:\/\/svreudern.de\/rad\/index.php?rest_route=\/wp\/v2\/posts"}],"about":[{"href":"https:\/\/svreudern.de\/rad\/index.php?rest_route=\/wp\/v2\/types\/post"}],"author":[{"embeddable":true,"href":"https:\/\/svreudern.de\/rad\/index.php?rest_route=\/wp\/v2\/users\/6"}],"replies":[{"embeddable":true,"href":"https:\/\/svreudern.de\/rad\/index.php?rest_route=%2Fwp%2Fv2%2Fcomments&post=1799"}],"version-history":[{"count":2,"href":"https:\/\/svreudern.de\/rad\/index.php?rest_route=\/wp\/v2\/posts\/1799\/revisions"}],"predecessor-version":[{"id":1801,"href":"https:\/\/svreudern.de\/rad\/index.php?rest_route=\/wp\/v2\/posts\/1799\/revisions\/1801"}],"wp:featuredmedia":[{"embeddable":true,"href":"https:\/\/svreudern.de\/rad\/index.php?rest_route=\/wp\/v2\/media\/1771"}],"wp:attachment":[{"href":"https:\/\/svreudern.de\/rad\/index.php?rest_route=%2Fwp%2Fv2%2Fmedia&parent=1799"}],"wp:term":[{"taxonomy":"category","embeddable":true,"href":"https:\/\/svreudern.de\/rad\/index.php?rest_route=%2Fwp%2Fv2%2Fcategories&post=1799"},{"taxonomy":"post_tag","embeddable":true,"href":"https:\/\/svreudern.de\/rad\/index.php?rest_route=%2Fwp%2Fv2%2Ftags&post=1799"}],"curies":[{"name":"wp","href":"https:\/\/api.w.org\/{rel}","templated":true}]}}