{"id":1890,"date":"2017-11-13T23:42:53","date_gmt":"2017-11-13T22:42:53","guid":{"rendered":"http:\/\/www.sportvereinreudern.de\/rad\/?p=1890"},"modified":"2017-11-13T23:43:58","modified_gmt":"2017-11-13T22:43:58","slug":"weitere-kadernominierungen","status":"publish","type":"post","link":"https:\/\/svreudern.de\/rad\/?p=1890","title":{"rendered":"Weitere Kadernominierungen"},"content":{"rendered":"Auf der letzten ARGE-MTB-Sitzung am 4.11. wurden die neuen Landeskader 2018 bekanntgegeben. Mit dabei gleich vier Sportler des SVR:\r\nKira B\u00f6hm bereits im Bundeskader\r\nWir haben in einem extra Post bereits \u00fcber die Berufung von Kira B\u00f6hm in den Bundeskader berichtet.\r\n\r\nWeitere drei Sportler des SVR im Landeskader\r\nNicht minder erfolgreich war Ben Grupp, ebenfalls U17. Er kam in diesem Jahr vom SC Unterensingen zum SVR, ist amtierender Baden-W\u00fcrttembergischer Vizemeister im Crosscountry und Eliminator <a href=\"https:\/\/svreudern.de\/rad\/?p=1890\" class=\"more-link\">Read more [...]<\/a>","protected":false},"excerpt":{"rendered":"<p>Auf der letzten ARGE-MTB-Sitzung am 4.11. wurden die neuen Landeskader 2018 bekanntgegeben. Mit dabei gleich vier Sportler des SVR: Kira B\u00f6hm bereits im Bundeskader Wir haben in einem extra Post bereits \u00fcber die Berufung von Kira B\u00f6hm in den Bundeskader berichtet. Weitere drei Sportler des SVR im Landeskader Nicht minder <a class=\"more-link\" href=\"https:\/\/svreudern.de\/rad\/?p=1890\">weiterlesen&#8230;<\/a><\/p>\n","protected":false},"author":6,"featured_media":0,"comment_status":"closed","ping_status":"closed","sticky":false,"template":"","format":"standard","meta":{"ngg_post_thumbnail":0,"footnotes":""},"categories":[1],"tags":[],"class_list":["post-1890","post","type-post","status-publish","format-standard","hentry","category-start"],"publishpress_future_action":{"enabled":false,"date":"2026-05-02 09:18:43","action":"change-status","newStatus":"draft","terms":[],"taxonomy":"category","extraData":[]},"publishpress_future_workflow_manual_trigger":{"enabledWorkflows":[]},"_links":{"self":[{"href":"https:\/\/svreudern.de\/rad\/index.php?rest_route=\/wp\/v2\/posts\/1890","targetHints":{"allow":["GET"]}}],"collection":[{"href":"https:\/\/svreudern.de\/rad\/index.php?rest_route=\/wp\/v2\/posts"}],"about":[{"href":"https:\/\/svreudern.de\/rad\/index.php?rest_route=\/wp\/v2\/types\/post"}],"author":[{"embeddable":true,"href":"https:\/\/svreudern.de\/rad\/index.php?rest_route=\/wp\/v2\/users\/6"}],"replies":[{"embeddable":true,"href":"https:\/\/svreudern.de\/rad\/index.php?rest_route=%2Fwp%2Fv2%2Fcomments&post=1890"}],"version-history":[{"count":1,"href":"https:\/\/svreudern.de\/rad\/index.php?rest_route=\/wp\/v2\/posts\/1890\/revisions"}],"predecessor-version":[{"id":1891,"href":"https:\/\/svreudern.de\/rad\/index.php?rest_route=\/wp\/v2\/posts\/1890\/revisions\/1891"}],"wp:attachment":[{"href":"https:\/\/svreudern.de\/rad\/index.php?rest_route=%2Fwp%2Fv2%2Fmedia&parent=1890"}],"wp:term":[{"taxonomy":"category","embeddable":true,"href":"https:\/\/svreudern.de\/rad\/index.php?rest_route=%2Fwp%2Fv2%2Fcategories&post=1890"},{"taxonomy":"post_tag","embeddable":true,"href":"https:\/\/svreudern.de\/rad\/index.php?rest_route=%2Fwp%2Fv2%2Ftags&post=1890"}],"curies":[{"name":"wp","href":"https:\/\/api.w.org\/{rel}","templated":true}]}}