{"id":1968,"date":"2018-01-22T23:43:49","date_gmt":"2018-01-22T22:43:49","guid":{"rendered":"http:\/\/www.sportvereinreudern.de\/rad\/?p=1968"},"modified":"2018-01-22T23:43:49","modified_gmt":"2018-01-22T22:43:49","slug":"der-sv-reudern-ist-ausrichter-mtb-landesfinale-jugend-trainiert-fuer-olympia-2018","status":"publish","type":"post","link":"https:\/\/svreudern.de\/rad\/?p=1968","title":{"rendered":"Der SV Reudern ist Ausrichter MTB-Landesfinale &#8222;Jugend trainiert f\u00fcr Olympia 2018&#8220;"},"content":{"rendered":"Jetzt ist es amtlich: Bereits zum zweiten Mal in seiner jungen Vereinsgeschichte wird die Abt. RAD des SV Reudern das MTB-Landesfinale \"Jugend trainiert f\u00fcr Olympia\" ausrichten.\r\nAm Freitag, 29. Juni 2018 dreht sich am Sportgel\u00e4nde \"Aspach\" alles um den MTB-Sport. Ca. 500 Fahrerinnen und Fahrer aus Schulen Baden-W\u00fcrttembergs fahren dabei in Teams um den Sieg in ihrer Altersklasse.\r\nTags drauf findet dann das Rennen zum \"Alb Gold Juniorscup 2018\" statt.\r\nF\u00fcr das Reuderner Team bedeutet dies zwei <a href=\"https:\/\/svreudern.de\/rad\/?p=1968\" class=\"more-link\">Read more [...]<\/a>","protected":false},"excerpt":{"rendered":"<p>Jetzt ist es amtlich: Bereits zum zweiten Mal in seiner jungen Vereinsgeschichte wird die Abt. RAD des SV Reudern das MTB-Landesfinale &#8222;Jugend trainiert f\u00fcr Olympia&#8220; ausrichten. Am Freitag, 29. Juni 2018 dreht sich am Sportgel\u00e4nde &#8222;Aspach&#8220; alles um den MTB-Sport. Ca. 500 Fahrerinnen und Fahrer aus Schulen Baden-W\u00fcrttembergs fahren dabei <a class=\"more-link\" href=\"https:\/\/svreudern.de\/rad\/?p=1968\">weiterlesen&#8230;<\/a><\/p>\n","protected":false},"author":6,"featured_media":1969,"comment_status":"closed","ping_status":"closed","sticky":false,"template":"","format":"standard","meta":{"ngg_post_thumbnail":0,"footnotes":""},"categories":[1],"tags":[],"class_list":["post-1968","post","type-post","status-publish","format-standard","has-post-thumbnail","hentry","category-start"],"publishpress_future_action":{"enabled":false,"date":"2026-05-05 09:03:20","action":"change-status","newStatus":"draft","terms":[],"taxonomy":"category","extraData":[]},"publishpress_future_workflow_manual_trigger":{"enabledWorkflows":[]},"_links":{"self":[{"href":"https:\/\/svreudern.de\/rad\/index.php?rest_route=\/wp\/v2\/posts\/1968","targetHints":{"allow":["GET"]}}],"collection":[{"href":"https:\/\/svreudern.de\/rad\/index.php?rest_route=\/wp\/v2\/posts"}],"about":[{"href":"https:\/\/svreudern.de\/rad\/index.php?rest_route=\/wp\/v2\/types\/post"}],"author":[{"embeddable":true,"href":"https:\/\/svreudern.de\/rad\/index.php?rest_route=\/wp\/v2\/users\/6"}],"replies":[{"embeddable":true,"href":"https:\/\/svreudern.de\/rad\/index.php?rest_route=%2Fwp%2Fv2%2Fcomments&post=1968"}],"version-history":[{"count":1,"href":"https:\/\/svreudern.de\/rad\/index.php?rest_route=\/wp\/v2\/posts\/1968\/revisions"}],"predecessor-version":[{"id":1970,"href":"https:\/\/svreudern.de\/rad\/index.php?rest_route=\/wp\/v2\/posts\/1968\/revisions\/1970"}],"wp:featuredmedia":[{"embeddable":true,"href":"https:\/\/svreudern.de\/rad\/index.php?rest_route=\/wp\/v2\/media\/1969"}],"wp:attachment":[{"href":"https:\/\/svreudern.de\/rad\/index.php?rest_route=%2Fwp%2Fv2%2Fmedia&parent=1968"}],"wp:term":[{"taxonomy":"category","embeddable":true,"href":"https:\/\/svreudern.de\/rad\/index.php?rest_route=%2Fwp%2Fv2%2Fcategories&post=1968"},{"taxonomy":"post_tag","embeddable":true,"href":"https:\/\/svreudern.de\/rad\/index.php?rest_route=%2Fwp%2Fv2%2Ftags&post=1968"}],"curies":[{"name":"wp","href":"https:\/\/api.w.org\/{rel}","templated":true}]}}