{"id":2012,"date":"2018-03-17T17:04:17","date_gmt":"2018-03-17T16:04:17","guid":{"rendered":"http:\/\/www.sportvereinreudern.de\/rad\/?p=2012"},"modified":"2018-03-17T17:06:04","modified_gmt":"2018-03-17T16:06:04","slug":"sportlerehrung-der-stadt-nuertingen","status":"publish","type":"post","link":"https:\/\/svreudern.de\/rad\/?p=2012","title":{"rendered":"Sportlerehrung der Stadt N\u00fcrtingen"},"content":{"rendered":"K\u00fcrzlich fand im Rahmen der Hauptversammlung des SV Reudern die Sportlerehrung der Stadt N\u00fcrtingen statt. Alle Sportler, die noch j\u00fcnger als 17 Jahre sind, werden in ihren jeweiligen Vereinen geehrt und ausgezeichnet.\r\nVom SV Reudern Abt. RAD wurden aufgrund ihrer hervorragenden Platzierungen 2017 insgesamt sechs Sportlerinnen und Sportler vom Ortsvorsteher Herrn Schwartz geehrt und bekamen neben Urkunde auch ein kleines Pr\u00e4sent der Stadt N\u00fcrtingen.\r\nIm einzelnen wurden geehrt:\r\n\r\nLara B\u00f6hm\r\nBaden-W\u00fcrttembergische <a href=\"https:\/\/svreudern.de\/rad\/?p=2012\" class=\"more-link\">Read more [...]<\/a>","protected":false},"excerpt":{"rendered":"<p>K\u00fcrzlich fand im Rahmen der Hauptversammlung des SV Reudern die Sportlerehrung der Stadt N\u00fcrtingen statt. Alle Sportler, die noch j\u00fcnger als 17 Jahre sind, werden in ihren jeweiligen Vereinen geehrt und ausgezeichnet. Vom SV Reudern Abt. RAD wurden aufgrund ihrer hervorragenden Platzierungen 2017 insgesamt sechs Sportlerinnen und Sportler vom Ortsvorsteher <a class=\"more-link\" href=\"https:\/\/svreudern.de\/rad\/?p=2012\">weiterlesen&#8230;<\/a><\/p>\n","protected":false},"author":6,"featured_media":1912,"comment_status":"closed","ping_status":"closed","sticky":false,"template":"","format":"standard","meta":{"ngg_post_thumbnail":0,"footnotes":""},"categories":[1],"tags":[],"class_list":["post-2012","post","type-post","status-publish","format-standard","has-post-thumbnail","hentry","category-start"],"publishpress_future_action":{"enabled":false,"date":"2026-05-02 07:27:03","action":"change-status","newStatus":"draft","terms":[],"taxonomy":"category","extraData":[]},"publishpress_future_workflow_manual_trigger":{"enabledWorkflows":[]},"_links":{"self":[{"href":"https:\/\/svreudern.de\/rad\/index.php?rest_route=\/wp\/v2\/posts\/2012","targetHints":{"allow":["GET"]}}],"collection":[{"href":"https:\/\/svreudern.de\/rad\/index.php?rest_route=\/wp\/v2\/posts"}],"about":[{"href":"https:\/\/svreudern.de\/rad\/index.php?rest_route=\/wp\/v2\/types\/post"}],"author":[{"embeddable":true,"href":"https:\/\/svreudern.de\/rad\/index.php?rest_route=\/wp\/v2\/users\/6"}],"replies":[{"embeddable":true,"href":"https:\/\/svreudern.de\/rad\/index.php?rest_route=%2Fwp%2Fv2%2Fcomments&post=2012"}],"version-history":[{"count":2,"href":"https:\/\/svreudern.de\/rad\/index.php?rest_route=\/wp\/v2\/posts\/2012\/revisions"}],"predecessor-version":[{"id":2016,"href":"https:\/\/svreudern.de\/rad\/index.php?rest_route=\/wp\/v2\/posts\/2012\/revisions\/2016"}],"wp:featuredmedia":[{"embeddable":true,"href":"https:\/\/svreudern.de\/rad\/index.php?rest_route=\/wp\/v2\/media\/1912"}],"wp:attachment":[{"href":"https:\/\/svreudern.de\/rad\/index.php?rest_route=%2Fwp%2Fv2%2Fmedia&parent=2012"}],"wp:term":[{"taxonomy":"category","embeddable":true,"href":"https:\/\/svreudern.de\/rad\/index.php?rest_route=%2Fwp%2Fv2%2Fcategories&post=2012"},{"taxonomy":"post_tag","embeddable":true,"href":"https:\/\/svreudern.de\/rad\/index.php?rest_route=%2Fwp%2Fv2%2Ftags&post=2012"}],"curies":[{"name":"wp","href":"https:\/\/api.w.org\/{rel}","templated":true}]}}