{"id":2188,"date":"2018-07-19T17:07:24","date_gmt":"2018-07-19T15:07:24","guid":{"rendered":"http:\/\/www.sportvereinreudern.de\/rad\/?p=2188"},"modified":"2018-07-19T17:07:24","modified_gmt":"2018-07-19T15:07:24","slug":"alb-gold-juniorscup-boebingen","status":"publish","type":"post","link":"https:\/\/svreudern.de\/rad\/?p=2188","title":{"rendered":"Alb Gold Juniorscup B\u00f6bingen"},"content":{"rendered":"(jo) Am Samstag, 07.07.2018, fand der 6. Lauf des Alb Gold Juniors Cup 2018 statt. Die Sportler zog es diesmal nach B\u00f6bingen auf die Ostalb. F\u00fcr den Mountainbike-Nachwuchs der Altersklassen U9 bis U15 fanden hier zwei Wettk\u00e4mpfe statt. Sie mussten, bevor es ins Rennen ging,&nbsp; zun\u00e4chst einen Trial absolvieren. Die \u00e4lteren Klassen durften gleich am Morgen in ihr Rennen starten. Da hier die Teilnehmerzahl nicht so gro\u00df war, gingen die Klassen U17- Elite gemeinsam auf die Strecke. Ben Grupp <a href=\"https:\/\/svreudern.de\/rad\/?p=2188\" class=\"more-link\">Read more [...]<\/a>","protected":false},"excerpt":{"rendered":"<p>(jo) Am Samstag, 07.07.2018, fand der 6. Lauf des Alb Gold Juniors Cup 2018 statt. Die Sportler zog es diesmal nach B\u00f6bingen auf die Ostalb. F\u00fcr den Mountainbike-Nachwuchs der Altersklassen U9 bis U15 fanden hier zwei Wettk\u00e4mpfe statt. Sie mussten, bevor es ins Rennen ging,&nbsp; zun\u00e4chst einen Trial absolvieren. Die <a class=\"more-link\" href=\"https:\/\/svreudern.de\/rad\/?p=2188\">weiterlesen&#8230;<\/a><\/p>\n","protected":false},"author":6,"featured_media":0,"comment_status":"closed","ping_status":"closed","sticky":false,"template":"","format":"standard","meta":{"ngg_post_thumbnail":0,"footnotes":""},"categories":[1],"tags":[],"class_list":["post-2188","post","type-post","status-publish","format-standard","hentry","category-start"],"publishpress_future_action":{"enabled":false,"date":"2026-05-03 15:01:04","action":"change-status","newStatus":"draft","terms":[],"taxonomy":"category","extraData":[]},"publishpress_future_workflow_manual_trigger":{"enabledWorkflows":[]},"_links":{"self":[{"href":"https:\/\/svreudern.de\/rad\/index.php?rest_route=\/wp\/v2\/posts\/2188","targetHints":{"allow":["GET"]}}],"collection":[{"href":"https:\/\/svreudern.de\/rad\/index.php?rest_route=\/wp\/v2\/posts"}],"about":[{"href":"https:\/\/svreudern.de\/rad\/index.php?rest_route=\/wp\/v2\/types\/post"}],"author":[{"embeddable":true,"href":"https:\/\/svreudern.de\/rad\/index.php?rest_route=\/wp\/v2\/users\/6"}],"replies":[{"embeddable":true,"href":"https:\/\/svreudern.de\/rad\/index.php?rest_route=%2Fwp%2Fv2%2Fcomments&post=2188"}],"version-history":[{"count":1,"href":"https:\/\/svreudern.de\/rad\/index.php?rest_route=\/wp\/v2\/posts\/2188\/revisions"}],"predecessor-version":[{"id":2189,"href":"https:\/\/svreudern.de\/rad\/index.php?rest_route=\/wp\/v2\/posts\/2188\/revisions\/2189"}],"wp:attachment":[{"href":"https:\/\/svreudern.de\/rad\/index.php?rest_route=%2Fwp%2Fv2%2Fmedia&parent=2188"}],"wp:term":[{"taxonomy":"category","embeddable":true,"href":"https:\/\/svreudern.de\/rad\/index.php?rest_route=%2Fwp%2Fv2%2Fcategories&post=2188"},{"taxonomy":"post_tag","embeddable":true,"href":"https:\/\/svreudern.de\/rad\/index.php?rest_route=%2Fwp%2Fv2%2Ftags&post=2188"}],"curies":[{"name":"wp","href":"https:\/\/api.w.org\/{rel}","templated":true}]}}