{"id":2299,"date":"2018-11-28T14:55:53","date_gmt":"2018-11-28T13:55:53","guid":{"rendered":"http:\/\/www.sportvereinreudern.de\/rad\/?p=2299"},"modified":"2018-11-28T14:58:44","modified_gmt":"2018-11-28T13:58:44","slug":"roxane-gall-2019-im-strassen-landeskader-u19w","status":"publish","type":"post","link":"https:\/\/svreudern.de\/rad\/?p=2299","title":{"rendered":"Roxane Gall 2019 im Stra\u00dfen-Landeskader U19w"},"content":{"rendered":"In Reudern wird nicht nur im Bereich Mountainbike gut Arbeit geleistet, auch im Stra\u00dfenbereich sind wir erfolgreich.\r\nRoxane Gall (U19) f\u00e4hrt seit l\u00e4ngerem \u00e4u\u00dferst erfolgreich Stra\u00dfenrennen und wurde nun aufgrund ihrer guten Leistungen in den U19w-Landeskader Baden-W\u00fcrttemberg berufen.\r\nWir gratulieren Roxane ganz herzlich und w\u00fcnschen ihr f\u00fcr die kommenden Saison viel Erfolg!\r\n\r\n\r\n\r\n <a href=\"https:\/\/svreudern.de\/rad\/?p=2299\" class=\"more-link\">Read more [...]<\/a>","protected":false},"excerpt":{"rendered":"<p>In Reudern wird nicht nur im Bereich Mountainbike gut Arbeit geleistet, auch im Stra\u00dfenbereich sind wir erfolgreich. Roxane Gall (U19) f\u00e4hrt seit l\u00e4ngerem \u00e4u\u00dferst erfolgreich Stra\u00dfenrennen und wurde nun aufgrund ihrer guten Leistungen in den U19w-Landeskader Baden-W\u00fcrttemberg berufen. Wir gratulieren Roxane ganz herzlich und w\u00fcnschen ihr f\u00fcr die kommenden Saison <a class=\"more-link\" href=\"https:\/\/svreudern.de\/rad\/?p=2299\">weiterlesen&#8230;<\/a><\/p>\n","protected":false},"author":6,"featured_media":0,"comment_status":"closed","ping_status":"closed","sticky":false,"template":"","format":"standard","meta":{"ngg_post_thumbnail":0,"footnotes":""},"categories":[1],"tags":[],"class_list":["post-2299","post","type-post","status-publish","format-standard","hentry","category-start"],"publishpress_future_action":{"enabled":false,"date":"2026-05-05 01:03:33","action":"change-status","newStatus":"draft","terms":[],"taxonomy":"category","extraData":[]},"publishpress_future_workflow_manual_trigger":{"enabledWorkflows":[]},"_links":{"self":[{"href":"https:\/\/svreudern.de\/rad\/index.php?rest_route=\/wp\/v2\/posts\/2299","targetHints":{"allow":["GET"]}}],"collection":[{"href":"https:\/\/svreudern.de\/rad\/index.php?rest_route=\/wp\/v2\/posts"}],"about":[{"href":"https:\/\/svreudern.de\/rad\/index.php?rest_route=\/wp\/v2\/types\/post"}],"author":[{"embeddable":true,"href":"https:\/\/svreudern.de\/rad\/index.php?rest_route=\/wp\/v2\/users\/6"}],"replies":[{"embeddable":true,"href":"https:\/\/svreudern.de\/rad\/index.php?rest_route=%2Fwp%2Fv2%2Fcomments&post=2299"}],"version-history":[{"count":3,"href":"https:\/\/svreudern.de\/rad\/index.php?rest_route=\/wp\/v2\/posts\/2299\/revisions"}],"predecessor-version":[{"id":2305,"href":"https:\/\/svreudern.de\/rad\/index.php?rest_route=\/wp\/v2\/posts\/2299\/revisions\/2305"}],"wp:attachment":[{"href":"https:\/\/svreudern.de\/rad\/index.php?rest_route=%2Fwp%2Fv2%2Fmedia&parent=2299"}],"wp:term":[{"taxonomy":"category","embeddable":true,"href":"https:\/\/svreudern.de\/rad\/index.php?rest_route=%2Fwp%2Fv2%2Fcategories&post=2299"},{"taxonomy":"post_tag","embeddable":true,"href":"https:\/\/svreudern.de\/rad\/index.php?rest_route=%2Fwp%2Fv2%2Ftags&post=2299"}],"curies":[{"name":"wp","href":"https:\/\/api.w.org\/{rel}","templated":true}]}}