{"id":4553,"date":"2023-08-09T09:45:55","date_gmt":"2023-08-09T07:45:55","guid":{"rendered":"https:\/\/svreudern.de\/rad\/?p=4553"},"modified":"2023-08-09T09:50:40","modified_gmt":"2023-08-09T07:50:40","slug":"tfjv-2023-das-deutsche-u13-er-team-holt-sich-platz-3-mit-dabei-mireno-molter-vom-sv-reudern","status":"publish","type":"post","link":"https:\/\/svreudern.de\/rad\/?p=4553","title":{"rendered":"TFJV 2023: Das deutsche U13 er Team holt sich Platz 3! Mit dabei: Mireno Molter vom SV Reudern"},"content":{"rendered":"(BM) Vom 31. Juli bis 4. August 2023 durfte Mireno Molter vom SV Reudern bei der TFJV (franz\u00f6sische Meisterschaft f\u00fcr junge Mountainbiker) in Superd\u00e9voluy (Frankreich) f\u00fcr das deutsche BDR-Talentteam in der Altersklasse U13 starten. Nach den 5 Veranstaltungstagen stand das U13er Team auf dem Podest - auf Platz 3! Die gesamte deutsche Mannschaft erreichte den 10. Platz im Gesamtklassement.\r\n\r\nDer erste Wettbewerb war das D\u00e9fil\u00e9 (Festumzug) durch das Dorf mit anschlie\u00dfender 90-sek\u00fcndiger Darbietung <a href=\"https:\/\/svreudern.de\/rad\/?p=4553\" class=\"more-link\">Read more [...]<\/a>","protected":false},"excerpt":{"rendered":"<p>(BM) Vom 31. Juli bis 4. August 2023 durfte Mireno Molter vom SV Reudern bei der TFJV (franz\u00f6sische Meisterschaft f\u00fcr junge Mountainbiker) in Superd\u00e9voluy (Frankreich) f\u00fcr das deutsche BDR-Talentteam in der Altersklasse U13 starten. Nach den 5 Veranstaltungstagen stand das U13er Team auf dem Podest &#8211; auf Platz 3! Die <a class=\"more-link\" href=\"https:\/\/svreudern.de\/rad\/?p=4553\">weiterlesen&#8230;<\/a><\/p>\n","protected":false},"author":6,"featured_media":4555,"comment_status":"closed","ping_status":"closed","sticky":false,"template":"","format":"standard","meta":{"ngg_post_thumbnail":0,"footnotes":""},"categories":[1],"tags":[],"class_list":["post-4553","post","type-post","status-publish","format-standard","has-post-thumbnail","hentry","category-start"],"publishpress_future_action":{"enabled":false,"date":"2026-05-05 05:38:08","action":"change-status","newStatus":"draft","terms":[],"taxonomy":"category","extraData":[]},"publishpress_future_workflow_manual_trigger":{"enabledWorkflows":[]},"_links":{"self":[{"href":"https:\/\/svreudern.de\/rad\/index.php?rest_route=\/wp\/v2\/posts\/4553","targetHints":{"allow":["GET"]}}],"collection":[{"href":"https:\/\/svreudern.de\/rad\/index.php?rest_route=\/wp\/v2\/posts"}],"about":[{"href":"https:\/\/svreudern.de\/rad\/index.php?rest_route=\/wp\/v2\/types\/post"}],"author":[{"embeddable":true,"href":"https:\/\/svreudern.de\/rad\/index.php?rest_route=\/wp\/v2\/users\/6"}],"replies":[{"embeddable":true,"href":"https:\/\/svreudern.de\/rad\/index.php?rest_route=%2Fwp%2Fv2%2Fcomments&post=4553"}],"version-history":[{"count":3,"href":"https:\/\/svreudern.de\/rad\/index.php?rest_route=\/wp\/v2\/posts\/4553\/revisions"}],"predecessor-version":[{"id":4557,"href":"https:\/\/svreudern.de\/rad\/index.php?rest_route=\/wp\/v2\/posts\/4553\/revisions\/4557"}],"wp:featuredmedia":[{"embeddable":true,"href":"https:\/\/svreudern.de\/rad\/index.php?rest_route=\/wp\/v2\/media\/4555"}],"wp:attachment":[{"href":"https:\/\/svreudern.de\/rad\/index.php?rest_route=%2Fwp%2Fv2%2Fmedia&parent=4553"}],"wp:term":[{"taxonomy":"category","embeddable":true,"href":"https:\/\/svreudern.de\/rad\/index.php?rest_route=%2Fwp%2Fv2%2Fcategories&post=4553"},{"taxonomy":"post_tag","embeddable":true,"href":"https:\/\/svreudern.de\/rad\/index.php?rest_route=%2Fwp%2Fv2%2Ftags&post=4553"}],"curies":[{"name":"wp","href":"https:\/\/api.w.org\/{rel}","templated":true}]}}