{"id":4560,"date":"2023-08-29T21:36:05","date_gmt":"2023-08-29T19:36:05","guid":{"rendered":"https:\/\/svreudern.de\/rad\/?p=4560"},"modified":"2023-08-29T21:36:05","modified_gmt":"2023-08-29T19:36:05","slug":"luca-pechacek-qualifiziert-fuer-gravel-wm-in-italien","status":"publish","type":"post","link":"https:\/\/svreudern.de\/rad\/?p=4560","title":{"rendered":"Luca Pechacek qualifiziert f\u00fcr Gravel-WM in Italien"},"content":{"rendered":"Beim UCI Gravel Series Rennen in Houffalize\/Belgien startete Luca Pechacek vom SV Reudern auf der 110 Km-Strecke. Das Rennen f\u00fchrte durch die h\u00fcgelige Landschaft der Ardennen und wurde von den zahlreichen Profis wie dem sp\u00e4teren Sieger Wout van Aert hart und temporeich gefahren. Luca gab alles, fuhr nach 4:03 Stunden durch den Zielbogen in Houffalize und qualifizierte sich somit mit seinem 55. Platz in seiner AK 19-34 Jahre f\u00fcr die Weltmeisterschaft im italienischen Veneto im Oktober.\r\n\r\nDer <a href=\"https:\/\/svreudern.de\/rad\/?p=4560\" class=\"more-link\">Read more [...]<\/a>","protected":false},"excerpt":{"rendered":"<p>Beim UCI Gravel Series Rennen in Houffalize\/Belgien startete Luca Pechacek vom SV Reudern auf der 110 Km-Strecke. Das Rennen f\u00fchrte durch die h\u00fcgelige Landschaft der Ardennen und wurde von den zahlreichen Profis wie dem sp\u00e4teren Sieger Wout van Aert hart und temporeich gefahren. Luca gab alles, fuhr nach 4:03 Stunden <a class=\"more-link\" href=\"https:\/\/svreudern.de\/rad\/?p=4560\">weiterlesen&#8230;<\/a><\/p>\n","protected":false},"author":6,"featured_media":4559,"comment_status":"closed","ping_status":"closed","sticky":false,"template":"","format":"standard","meta":{"ngg_post_thumbnail":0,"footnotes":""},"categories":[1],"tags":[],"class_list":["post-4560","post","type-post","status-publish","format-standard","has-post-thumbnail","hentry","category-start"],"publishpress_future_action":{"enabled":false,"date":"2026-05-05 05:30:56","action":"change-status","newStatus":"draft","terms":[],"taxonomy":"category","extraData":[]},"publishpress_future_workflow_manual_trigger":{"enabledWorkflows":[]},"_links":{"self":[{"href":"https:\/\/svreudern.de\/rad\/index.php?rest_route=\/wp\/v2\/posts\/4560","targetHints":{"allow":["GET"]}}],"collection":[{"href":"https:\/\/svreudern.de\/rad\/index.php?rest_route=\/wp\/v2\/posts"}],"about":[{"href":"https:\/\/svreudern.de\/rad\/index.php?rest_route=\/wp\/v2\/types\/post"}],"author":[{"embeddable":true,"href":"https:\/\/svreudern.de\/rad\/index.php?rest_route=\/wp\/v2\/users\/6"}],"replies":[{"embeddable":true,"href":"https:\/\/svreudern.de\/rad\/index.php?rest_route=%2Fwp%2Fv2%2Fcomments&post=4560"}],"version-history":[{"count":1,"href":"https:\/\/svreudern.de\/rad\/index.php?rest_route=\/wp\/v2\/posts\/4560\/revisions"}],"predecessor-version":[{"id":4561,"href":"https:\/\/svreudern.de\/rad\/index.php?rest_route=\/wp\/v2\/posts\/4560\/revisions\/4561"}],"wp:featuredmedia":[{"embeddable":true,"href":"https:\/\/svreudern.de\/rad\/index.php?rest_route=\/wp\/v2\/media\/4559"}],"wp:attachment":[{"href":"https:\/\/svreudern.de\/rad\/index.php?rest_route=%2Fwp%2Fv2%2Fmedia&parent=4560"}],"wp:term":[{"taxonomy":"category","embeddable":true,"href":"https:\/\/svreudern.de\/rad\/index.php?rest_route=%2Fwp%2Fv2%2Fcategories&post=4560"},{"taxonomy":"post_tag","embeddable":true,"href":"https:\/\/svreudern.de\/rad\/index.php?rest_route=%2Fwp%2Fv2%2Ftags&post=4560"}],"curies":[{"name":"wp","href":"https:\/\/api.w.org\/{rel}","templated":true}]}}