{"id":4788,"date":"2024-05-22T08:42:21","date_gmt":"2024-05-22T06:42:21","guid":{"rendered":"https:\/\/svreudern.de\/rad\/?p=4788"},"modified":"2024-05-22T08:42:21","modified_gmt":"2024-05-22T06:42:21","slug":"1-after-race-party-reudern-am-22-juni","status":"publish","type":"post","link":"https:\/\/svreudern.de\/rad\/?p=4788","title":{"rendered":"1. After Race Party Reudern am 22. Juni"},"content":{"rendered":"\r\nVom Trail zur Party!\r\nNach unserem Rennen darf bei der 1. After Race Party ausgiebig gefeiert und getanzt werden. Sounds der 80er und 90er sorgen f\u00fcr die passende Stimmung \r\nWer sich traut, kommt im legend\u00e4ren Style dieser \u00c4ra - Lycra und Neon sind Trumpf. Die schlimmsten Outfits werden pr\u00e4miert \r\nWir sehen uns dort Party on!\r\nBeginn ist um 18 Uhr am Sportheim Reudern. Wir freuen uns auf Euch!\r\n <a href=\"https:\/\/svreudern.de\/rad\/?p=4788\" class=\"more-link\">Read more [...]<\/a>","protected":false},"excerpt":{"rendered":"<p>Vom Trail zur Party! Nach unserem Rennen darf bei der 1. After Race Party ausgiebig gefeiert und getanzt werden. Sounds der 80er und 90er sorgen f\u00fcr die passende Stimmung Wer sich traut, kommt im legend\u00e4ren Style dieser \u00c4ra &#8211; Lycra und Neon sind Trumpf. Die schlimmsten Outfits werden pr\u00e4miert Wir <a class=\"more-link\" href=\"https:\/\/svreudern.de\/rad\/?p=4788\">weiterlesen&#8230;<\/a><\/p>\n","protected":false},"author":6,"featured_media":0,"comment_status":"closed","ping_status":"closed","sticky":false,"template":"","format":"standard","meta":{"ngg_post_thumbnail":0,"footnotes":""},"categories":[1],"tags":[],"class_list":["post-4788","post","type-post","status-publish","format-standard","hentry","category-start"],"publishpress_future_action":{"enabled":false,"date":"2026-05-07 11:16:11","action":"change-status","newStatus":"draft","terms":[],"taxonomy":"category","extraData":[]},"publishpress_future_workflow_manual_trigger":{"enabledWorkflows":[]},"_links":{"self":[{"href":"https:\/\/svreudern.de\/rad\/index.php?rest_route=\/wp\/v2\/posts\/4788","targetHints":{"allow":["GET"]}}],"collection":[{"href":"https:\/\/svreudern.de\/rad\/index.php?rest_route=\/wp\/v2\/posts"}],"about":[{"href":"https:\/\/svreudern.de\/rad\/index.php?rest_route=\/wp\/v2\/types\/post"}],"author":[{"embeddable":true,"href":"https:\/\/svreudern.de\/rad\/index.php?rest_route=\/wp\/v2\/users\/6"}],"replies":[{"embeddable":true,"href":"https:\/\/svreudern.de\/rad\/index.php?rest_route=%2Fwp%2Fv2%2Fcomments&post=4788"}],"version-history":[{"count":1,"href":"https:\/\/svreudern.de\/rad\/index.php?rest_route=\/wp\/v2\/posts\/4788\/revisions"}],"predecessor-version":[{"id":4789,"href":"https:\/\/svreudern.de\/rad\/index.php?rest_route=\/wp\/v2\/posts\/4788\/revisions\/4789"}],"wp:attachment":[{"href":"https:\/\/svreudern.de\/rad\/index.php?rest_route=%2Fwp%2Fv2%2Fmedia&parent=4788"}],"wp:term":[{"taxonomy":"category","embeddable":true,"href":"https:\/\/svreudern.de\/rad\/index.php?rest_route=%2Fwp%2Fv2%2Fcategories&post=4788"},{"taxonomy":"post_tag","embeddable":true,"href":"https:\/\/svreudern.de\/rad\/index.php?rest_route=%2Fwp%2Fv2%2Ftags&post=4788"}],"curies":[{"name":"wp","href":"https:\/\/api.w.org\/{rel}","templated":true}]}}