{"id":4996,"date":"2025-02-24T09:03:21","date_gmt":"2025-02-24T08:03:21","guid":{"rendered":"https:\/\/svreudern.de\/rad\/?p=4996"},"modified":"2025-02-24T09:03:21","modified_gmt":"2025-02-24T08:03:21","slug":"termine-fuer-bambinibiken-2025-stehen-fest","status":"publish","type":"post","link":"https:\/\/svreudern.de\/rad\/?p=4996","title":{"rendered":"Termine f\u00fcr Bambinibiken 2025 stehen fest"},"content":{"rendered":"Seit kurzem stehen die Termine f\u00fcr das Jahr 2025 fest.\r\n\r\nWir freuen uns, dass wir in diesem Jahr sechs Termine f\u00fcr unser beliebtes Bambinibiken anbieten k\u00f6nnen.\r\n&nbsp;\r\n\r\n5. April (Anmeldelink freigeschalten ab 23.03.2025)\r\n 10. Mai (Anmeldelink freigeschalten ab 27.04.2025)\r\n28. Juni (Anmeldelink freigeschalten ab 15.06.2025)\r\n26. Juli (Anmeldelink freigeschalten ab 13.07.2025)\r\n20. September (Anmeldelink freigeschalten ab 07.09.2025)\r\n18. Oktober (Anmeldelink freigeschalten ab 05.10.2025)\r\n&nbsp;\r\n\r\nWie <a href=\"https:\/\/svreudern.de\/rad\/?p=4996\" class=\"more-link\">Read more [...]<\/a>","protected":false},"excerpt":{"rendered":"<p>Seit kurzem stehen die Termine f\u00fcr das Jahr 2025 fest. Wir freuen uns, dass wir in diesem Jahr sechs Termine f\u00fcr unser beliebtes Bambinibiken anbieten k\u00f6nnen. &nbsp; 5. April (Anmeldelink freigeschalten ab 23.03.2025) 10. Mai (Anmeldelink freigeschalten ab 27.04.2025) 28. Juni (Anmeldelink freigeschalten ab 15.06.2025) 26. Juli (Anmeldelink freigeschalten ab <a class=\"more-link\" href=\"https:\/\/svreudern.de\/rad\/?p=4996\">weiterlesen&#8230;<\/a><\/p>\n","protected":false},"author":6,"featured_media":4807,"comment_status":"closed","ping_status":"closed","sticky":false,"template":"","format":"standard","meta":{"ngg_post_thumbnail":0,"footnotes":""},"categories":[1],"tags":[],"class_list":["post-4996","post","type-post","status-publish","format-standard","has-post-thumbnail","hentry","category-start"],"publishpress_future_action":{"enabled":false,"date":"2026-05-02 09:35:39","action":"change-status","newStatus":"draft","terms":[],"taxonomy":"category","extraData":[]},"publishpress_future_workflow_manual_trigger":{"enabledWorkflows":[]},"_links":{"self":[{"href":"https:\/\/svreudern.de\/rad\/index.php?rest_route=\/wp\/v2\/posts\/4996","targetHints":{"allow":["GET"]}}],"collection":[{"href":"https:\/\/svreudern.de\/rad\/index.php?rest_route=\/wp\/v2\/posts"}],"about":[{"href":"https:\/\/svreudern.de\/rad\/index.php?rest_route=\/wp\/v2\/types\/post"}],"author":[{"embeddable":true,"href":"https:\/\/svreudern.de\/rad\/index.php?rest_route=\/wp\/v2\/users\/6"}],"replies":[{"embeddable":true,"href":"https:\/\/svreudern.de\/rad\/index.php?rest_route=%2Fwp%2Fv2%2Fcomments&post=4996"}],"version-history":[{"count":3,"href":"https:\/\/svreudern.de\/rad\/index.php?rest_route=\/wp\/v2\/posts\/4996\/revisions"}],"predecessor-version":[{"id":5000,"href":"https:\/\/svreudern.de\/rad\/index.php?rest_route=\/wp\/v2\/posts\/4996\/revisions\/5000"}],"wp:featuredmedia":[{"embeddable":true,"href":"https:\/\/svreudern.de\/rad\/index.php?rest_route=\/wp\/v2\/media\/4807"}],"wp:attachment":[{"href":"https:\/\/svreudern.de\/rad\/index.php?rest_route=%2Fwp%2Fv2%2Fmedia&parent=4996"}],"wp:term":[{"taxonomy":"category","embeddable":true,"href":"https:\/\/svreudern.de\/rad\/index.php?rest_route=%2Fwp%2Fv2%2Fcategories&post=4996"},{"taxonomy":"post_tag","embeddable":true,"href":"https:\/\/svreudern.de\/rad\/index.php?rest_route=%2Fwp%2Fv2%2Ftags&post=4996"}],"curies":[{"name":"wp","href":"https:\/\/api.w.org\/{rel}","templated":true}]}}