{"id":5020,"date":"2025-03-17T09:48:53","date_gmt":"2025-03-17T08:48:53","guid":{"rendered":"https:\/\/svreudern.de\/rad\/?p=5020"},"modified":"2025-03-17T09:50:59","modified_gmt":"2025-03-17T08:50:59","slug":"stadtputzete-der-stadt-nuertingen-die-radabteilung-des-sv-reudern-war-dabe","status":"publish","type":"post","link":"https:\/\/svreudern.de\/rad\/?p=5020","title":{"rendered":"Stadtputzete der Stadt N\u00fcrtingen &#8211; Die Radabteilung des SV Reudern war dabe"},"content":{"rendered":"\r\n\r\n\r\n\r\n\r\n\r\nAm zweiten M\u00e4rzsamstag fand die Stadtputzete der Stadt N\u00fcrtingen statt. Im ganzen Stadtgebiet waren zahlreiche Freiwillige unterwegs und sammelten zwei Stunden lang den zur\u00fcckgelassenen M\u00fcll anderer auf. Auch in Reudern fand diese Aktion von 10 bis 12 Uhr statt. Mit dabei die Radabteilung des SV Reudern mit zahlreichen Kindern der Klassen U11, U13 und U15 und deren Eltern. Mit Zangen, Eimern und M\u00fclls\u00e4cken ging es entlang der H\u00fclenbergstra\u00dfe runter zum Sportplatz. Dort wurde das <a href=\"https:\/\/svreudern.de\/rad\/?p=5020\" class=\"more-link\">Read more [...]<\/a>","protected":false},"excerpt":{"rendered":"<p>Am zweiten M\u00e4rzsamstag fand die Stadtputzete der Stadt N\u00fcrtingen statt. Im ganzen Stadtgebiet waren zahlreiche Freiwillige unterwegs und sammelten zwei Stunden lang den zur\u00fcckgelassenen M\u00fcll anderer auf. Auch in Reudern fand diese Aktion von 10 bis 12 Uhr statt. Mit dabei die Radabteilung des SV Reudern mit zahlreichen Kindern der <a class=\"more-link\" href=\"https:\/\/svreudern.de\/rad\/?p=5020\">weiterlesen&#8230;<\/a><\/p>\n","protected":false},"author":6,"featured_media":5019,"comment_status":"closed","ping_status":"closed","sticky":false,"template":"","format":"standard","meta":{"ngg_post_thumbnail":0,"footnotes":""},"categories":[1],"tags":[],"class_list":["post-5020","post","type-post","status-publish","format-standard","has-post-thumbnail","hentry","category-start"],"publishpress_future_action":{"enabled":false,"date":"2026-05-02 07:49:33","action":"change-status","newStatus":"draft","terms":[],"taxonomy":"category","extraData":[]},"publishpress_future_workflow_manual_trigger":{"enabledWorkflows":[]},"_links":{"self":[{"href":"https:\/\/svreudern.de\/rad\/index.php?rest_route=\/wp\/v2\/posts\/5020","targetHints":{"allow":["GET"]}}],"collection":[{"href":"https:\/\/svreudern.de\/rad\/index.php?rest_route=\/wp\/v2\/posts"}],"about":[{"href":"https:\/\/svreudern.de\/rad\/index.php?rest_route=\/wp\/v2\/types\/post"}],"author":[{"embeddable":true,"href":"https:\/\/svreudern.de\/rad\/index.php?rest_route=\/wp\/v2\/users\/6"}],"replies":[{"embeddable":true,"href":"https:\/\/svreudern.de\/rad\/index.php?rest_route=%2Fwp%2Fv2%2Fcomments&post=5020"}],"version-history":[{"count":2,"href":"https:\/\/svreudern.de\/rad\/index.php?rest_route=\/wp\/v2\/posts\/5020\/revisions"}],"predecessor-version":[{"id":5022,"href":"https:\/\/svreudern.de\/rad\/index.php?rest_route=\/wp\/v2\/posts\/5020\/revisions\/5022"}],"wp:featuredmedia":[{"embeddable":true,"href":"https:\/\/svreudern.de\/rad\/index.php?rest_route=\/wp\/v2\/media\/5019"}],"wp:attachment":[{"href":"https:\/\/svreudern.de\/rad\/index.php?rest_route=%2Fwp%2Fv2%2Fmedia&parent=5020"}],"wp:term":[{"taxonomy":"category","embeddable":true,"href":"https:\/\/svreudern.de\/rad\/index.php?rest_route=%2Fwp%2Fv2%2Fcategories&post=5020"},{"taxonomy":"post_tag","embeddable":true,"href":"https:\/\/svreudern.de\/rad\/index.php?rest_route=%2Fwp%2Fv2%2Ftags&post=5020"}],"curies":[{"name":"wp","href":"https:\/\/api.w.org\/{rel}","templated":true}]}}