{"id":5035,"date":"2025-03-30T18:38:39","date_gmt":"2025-03-30T16:38:39","guid":{"rendered":"https:\/\/svreudern.de\/rad\/?p=5035"},"modified":"2025-03-30T18:40:10","modified_gmt":"2025-03-30T16:40:10","slug":"veraenderungen-im-vorstand","status":"publish","type":"post","link":"https:\/\/svreudern.de\/rad\/?p=5035","title":{"rendered":"Ver\u00e4nderungen im Vorstand"},"content":{"rendered":"Vor kurzem fand im Sportheim die Jahresversammlung der Radabteilung des SV Reudern statt. Die Vorstandschaft konnte \u00fcber 30 Mitglieder begr\u00fc\u00dfen, darunter zahlreiche Eltern, die sich beim anschlie\u00dfenden Elternabend \u00fcber den Trainingsbetrieb des Jahres 2205 informierten.\r\n\r\nBianca Molter blickte als Vorstand \u201eAllg. Organisation\u201c auf ein ereignisreiches Jahr 2024 zur\u00fcck. Neben dem allgemeinen Trainingsbetrieb standen zahlreiche weitere Events f\u00fcr die gro\u00dfe Zahl an Kindern und Jugendlichen <a href=\"https:\/\/svreudern.de\/rad\/?p=5035\" class=\"more-link\">Read more [...]<\/a>","protected":false},"excerpt":{"rendered":"<p>Vor kurzem fand im Sportheim die Jahresversammlung der Radabteilung des SV Reudern statt. Die Vorstandschaft konnte \u00fcber 30 Mitglieder begr\u00fc\u00dfen, darunter zahlreiche Eltern, die sich beim anschlie\u00dfenden Elternabend \u00fcber den Trainingsbetrieb des Jahres 2205 informierten. Bianca Molter blickte als Vorstand \u201eAllg. Organisation\u201c auf ein ereignisreiches Jahr 2024 zur\u00fcck. Neben dem <a class=\"more-link\" href=\"https:\/\/svreudern.de\/rad\/?p=5035\">weiterlesen&#8230;<\/a><\/p>\n","protected":false},"author":6,"featured_media":5034,"comment_status":"closed","ping_status":"closed","sticky":false,"template":"","format":"standard","meta":{"ngg_post_thumbnail":0,"footnotes":""},"categories":[1],"tags":[],"class_list":["post-5035","post","type-post","status-publish","format-standard","has-post-thumbnail","hentry","category-start"],"publishpress_future_action":{"enabled":false,"date":"2026-05-02 07:56:26","action":"change-status","newStatus":"draft","terms":[],"taxonomy":"category","extraData":[]},"publishpress_future_workflow_manual_trigger":{"enabledWorkflows":[]},"_links":{"self":[{"href":"https:\/\/svreudern.de\/rad\/index.php?rest_route=\/wp\/v2\/posts\/5035","targetHints":{"allow":["GET"]}}],"collection":[{"href":"https:\/\/svreudern.de\/rad\/index.php?rest_route=\/wp\/v2\/posts"}],"about":[{"href":"https:\/\/svreudern.de\/rad\/index.php?rest_route=\/wp\/v2\/types\/post"}],"author":[{"embeddable":true,"href":"https:\/\/svreudern.de\/rad\/index.php?rest_route=\/wp\/v2\/users\/6"}],"replies":[{"embeddable":true,"href":"https:\/\/svreudern.de\/rad\/index.php?rest_route=%2Fwp%2Fv2%2Fcomments&post=5035"}],"version-history":[{"count":3,"href":"https:\/\/svreudern.de\/rad\/index.php?rest_route=\/wp\/v2\/posts\/5035\/revisions"}],"predecessor-version":[{"id":5038,"href":"https:\/\/svreudern.de\/rad\/index.php?rest_route=\/wp\/v2\/posts\/5035\/revisions\/5038"}],"wp:featuredmedia":[{"embeddable":true,"href":"https:\/\/svreudern.de\/rad\/index.php?rest_route=\/wp\/v2\/media\/5034"}],"wp:attachment":[{"href":"https:\/\/svreudern.de\/rad\/index.php?rest_route=%2Fwp%2Fv2%2Fmedia&parent=5035"}],"wp:term":[{"taxonomy":"category","embeddable":true,"href":"https:\/\/svreudern.de\/rad\/index.php?rest_route=%2Fwp%2Fv2%2Fcategories&post=5035"},{"taxonomy":"post_tag","embeddable":true,"href":"https:\/\/svreudern.de\/rad\/index.php?rest_route=%2Fwp%2Fv2%2Ftags&post=5035"}],"curies":[{"name":"wp","href":"https:\/\/api.w.org\/{rel}","templated":true}]}}