{"id":5161,"date":"2025-05-13T15:51:50","date_gmt":"2025-05-13T13:51:50","guid":{"rendered":"https:\/\/svreudern.de\/rad\/?p=5161"},"modified":"2025-05-13T15:51:50","modified_gmt":"2025-05-13T13:51:50","slug":"erfolgreicher-start-des-sv-reudern-in-die-alb-gold-serie","status":"publish","type":"post","link":"https:\/\/svreudern.de\/rad\/?p=5161","title":{"rendered":"Erfolgreicher Start des SV Reudern in die Alb Gold Serie"},"content":{"rendered":"\r\n(cw) Zum Auftakt des Alb Gold Junior Cups 2025 fanden sich 40 junge Sportlerinnen und Sportler vom SV Reudern im Bikepark am M\u00fcnsinger Wiesentalstadion ein.\r\nSehr erfolgreich bewiesen sich unsere j\u00fcngsten Starterinnen in der Klasse U7w: Hanna Kreipl erk\u00e4mpfte sich den ersten Platz, dahinter kam Mathilda Dzieniszewski auf Rang 2 ins Ziel. In derselben Altersklasse bei den Jungs belegte Emil Lumpp den 6. Platz.\r\nIda Rentschler und Lotta Bahsitta konnten sich schon im anspruchsvollen Technikparcours <a href=\"https:\/\/svreudern.de\/rad\/?p=5161\" class=\"more-link\">Read more [...]<\/a>","protected":false},"excerpt":{"rendered":"<p>(cw) Zum Auftakt des Alb Gold Junior Cups 2025 fanden sich 40 junge Sportlerinnen und Sportler vom SV Reudern im Bikepark am M\u00fcnsinger Wiesentalstadion ein. Sehr erfolgreich bewiesen sich unsere j\u00fcngsten Starterinnen in der Klasse U7w: Hanna Kreipl erk\u00e4mpfte sich den ersten Platz, dahinter kam Mathilda Dzieniszewski auf Rang 2 <a class=\"more-link\" href=\"https:\/\/svreudern.de\/rad\/?p=5161\">weiterlesen&#8230;<\/a><\/p>\n","protected":false},"author":6,"featured_media":5160,"comment_status":"closed","ping_status":"closed","sticky":false,"template":"","format":"standard","meta":{"ngg_post_thumbnail":0,"footnotes":""},"categories":[1],"tags":[],"class_list":["post-5161","post","type-post","status-publish","format-standard","has-post-thumbnail","hentry","category-start"],"publishpress_future_action":{"enabled":false,"date":"2026-05-02 08:10:04","action":"change-status","newStatus":"draft","terms":[],"taxonomy":"category","extraData":[]},"publishpress_future_workflow_manual_trigger":{"enabledWorkflows":[]},"_links":{"self":[{"href":"https:\/\/svreudern.de\/rad\/index.php?rest_route=\/wp\/v2\/posts\/5161","targetHints":{"allow":["GET"]}}],"collection":[{"href":"https:\/\/svreudern.de\/rad\/index.php?rest_route=\/wp\/v2\/posts"}],"about":[{"href":"https:\/\/svreudern.de\/rad\/index.php?rest_route=\/wp\/v2\/types\/post"}],"author":[{"embeddable":true,"href":"https:\/\/svreudern.de\/rad\/index.php?rest_route=\/wp\/v2\/users\/6"}],"replies":[{"embeddable":true,"href":"https:\/\/svreudern.de\/rad\/index.php?rest_route=%2Fwp%2Fv2%2Fcomments&post=5161"}],"version-history":[{"count":2,"href":"https:\/\/svreudern.de\/rad\/index.php?rest_route=\/wp\/v2\/posts\/5161\/revisions"}],"predecessor-version":[{"id":5163,"href":"https:\/\/svreudern.de\/rad\/index.php?rest_route=\/wp\/v2\/posts\/5161\/revisions\/5163"}],"wp:featuredmedia":[{"embeddable":true,"href":"https:\/\/svreudern.de\/rad\/index.php?rest_route=\/wp\/v2\/media\/5160"}],"wp:attachment":[{"href":"https:\/\/svreudern.de\/rad\/index.php?rest_route=%2Fwp%2Fv2%2Fmedia&parent=5161"}],"wp:term":[{"taxonomy":"category","embeddable":true,"href":"https:\/\/svreudern.de\/rad\/index.php?rest_route=%2Fwp%2Fv2%2Fcategories&post=5161"},{"taxonomy":"post_tag","embeddable":true,"href":"https:\/\/svreudern.de\/rad\/index.php?rest_route=%2Fwp%2Fv2%2Ftags&post=5161"}],"curies":[{"name":"wp","href":"https:\/\/api.w.org\/{rel}","templated":true}]}}