{"id":1163,"date":"2026-02-20T14:03:12","date_gmt":"2026-02-20T13:03:12","guid":{"rendered":"https:\/\/svreudern.de\/ski\/?p=1163"},"modified":"2026-02-27T14:06:03","modified_gmt":"2026-02-27T13:06:03","slug":"start-in-die-radtreff-saison-2022","status":"publish","type":"post","link":"https:\/\/svreudern.de\/ski\/?p=1163","title":{"rendered":"Start in die Radtreff-Saison 2026"},"content":{"rendered":"\n<h6 class=\"wp-block-heading\" id=\"ab-montag-28-marz-findet-wieder-unser-wochentlicher-mtb-treff-statt\">Ab Montag, 30. M\u00e4rz, findet wieder unser w\u00f6chentlicher MTB-Treff statt.<\/h6>\n\n\n\n<figure class=\"wp-block-image size-full\"><img fetchpriority=\"high\" decoding=\"async\" width=\"700\" height=\"233\" src=\"http:\/\/svreudern.de\/ski\/wp-content\/uploads\/2019\/04\/190401_182946_700.jpg\" alt=\"Radtreff-Start\" class=\"wp-image-763\" srcset=\"https:\/\/svreudern.de\/ski\/wp-content\/uploads\/2019\/04\/190401_182946_700.jpg 700w, https:\/\/svreudern.de\/ski\/wp-content\/uploads\/2019\/04\/190401_182946_700-300x100.jpg 300w\" sizes=\"(max-width: 700px) 100vw, 700px\" \/><figcaption class=\"wp-element-caption\">Bunte Truppe beim Reuderner Radtreff<\/figcaption><\/figure>\n\n\n\n<p>Es sind dann wieder viele Radler mit unseren Radtreffguides und lizenzierten Radsporttrainern unterwegs, um abwechslungsreiche Landschaften zu genie\u00dfen, frische Luft zu sp\u00fcren und die herrliche Gegend rund um Reudern mit dem Rad zu erkunden.<\/p>\n\n\n\n<p>Wir freuen uns nat\u00fcrlich auch \u00fcber Neuzug\u00e4nge.<\/p>\n\n\n\n<p>Auf geht\u2019s \u2013 es ist die Gelegenheit, mit guten Vors\u00e4tzen die Saison zu meistern!<\/p>\n\n\n\n<p><\/p>\n","protected":false},"excerpt":{"rendered":"<p>Ab Montag, 30. M\u00e4rz, findet wieder unser w\u00f6chentlicher MTB-Treff statt. Es sind dann wieder viele Radler mit unseren Radtreffguides und lizenzierten Radsporttrainern unterwegs, um abwechslungsreiche Landschaften zu genie\u00dfen, frische Luft <a class=\"more-link\" href=\"https:\/\/svreudern.de\/ski\/?p=1163\">weiterlesen&#8230;<\/a><\/p>\n","protected":false},"author":6,"featured_media":0,"comment_status":"closed","ping_status":"closed","sticky":false,"template":"","format":"standard","meta":{"footnotes":""},"categories":[1,29],"tags":[],"class_list":["post-1163","post","type-post","status-publish","format-standard","hentry","category-news","category-radtreff"],"publishpress_future_action":{"enabled":false,"date":"2026-05-03 11:22:14","action":"change-status","newStatus":"draft","terms":[],"taxonomy":"category","extraData":[]},"publishpress_future_workflow_manual_trigger":{"enabledWorkflows":[]},"_links":{"self":[{"href":"https:\/\/svreudern.de\/ski\/index.php?rest_route=\/wp\/v2\/posts\/1163","targetHints":{"allow":["GET"]}}],"collection":[{"href":"https:\/\/svreudern.de\/ski\/index.php?rest_route=\/wp\/v2\/posts"}],"about":[{"href":"https:\/\/svreudern.de\/ski\/index.php?rest_route=\/wp\/v2\/types\/post"}],"author":[{"embeddable":true,"href":"https:\/\/svreudern.de\/ski\/index.php?rest_route=\/wp\/v2\/users\/6"}],"replies":[{"embeddable":true,"href":"https:\/\/svreudern.de\/ski\/index.php?rest_route=%2Fwp%2Fv2%2Fcomments&post=1163"}],"version-history":[{"count":8,"href":"https:\/\/svreudern.de\/ski\/index.php?rest_route=\/wp\/v2\/posts\/1163\/revisions"}],"predecessor-version":[{"id":1520,"href":"https:\/\/svreudern.de\/ski\/index.php?rest_route=\/wp\/v2\/posts\/1163\/revisions\/1520"}],"wp:attachment":[{"href":"https:\/\/svreudern.de\/ski\/index.php?rest_route=%2Fwp%2Fv2%2Fmedia&parent=1163"}],"wp:term":[{"taxonomy":"category","embeddable":true,"href":"https:\/\/svreudern.de\/ski\/index.php?rest_route=%2Fwp%2Fv2%2Fcategories&post=1163"},{"taxonomy":"post_tag","embeddable":true,"href":"https:\/\/svreudern.de\/ski\/index.php?rest_route=%2Fwp%2Fv2%2Ftags&post=1163"}],"curies":[{"name":"wp","href":"https:\/\/api.w.org\/{rel}","templated":true}]}}