{"id":1365,"date":"2023-10-19T13:17:34","date_gmt":"2023-10-19T11:17:34","guid":{"rendered":"https:\/\/svreudern.de\/ski\/?p=1365"},"modified":"2024-11-03T16:08:18","modified_gmt":"2024-11-03T15:08:18","slug":"svr-abteilung-ski-in-den-blauen-bergen","status":"publish","type":"post","link":"https:\/\/svreudern.de\/ski\/?p=1365","title":{"rendered":"SVR Abteilung Ski in den \u201eBlauen Bergen\u201c"},"content":{"rendered":"\t\t<div data-elementor-type=\"wp-post\" data-elementor-id=\"1365\" class=\"elementor elementor-1365\">\n\t\t\t\t\t\t<section class=\"elementor-section elementor-top-section elementor-element elementor-element-6103e64 elementor-section-boxed elementor-section-height-default elementor-section-height-default\" data-id=\"6103e64\" data-element_type=\"section\" data-e-type=\"section\">\n\t\t\t\t\t\t<div class=\"elementor-container elementor-column-gap-default\">\n\t\t\t\t\t<div class=\"elementor-column elementor-col-100 elementor-top-column elementor-element elementor-element-0dd59af\" data-id=\"0dd59af\" data-element_type=\"column\" data-e-type=\"column\">\n\t\t\t<div class=\"elementor-widget-wrap elementor-element-populated\">\n\t\t\t\t\t\t<div class=\"elementor-element elementor-element-010d9aa elementor-widget elementor-widget-text-editor\" data-id=\"010d9aa\" data-element_type=\"widget\" data-e-type=\"widget\" data-widget_type=\"text-editor.default\">\n\t\t\t\t<div class=\"elementor-widget-container\">\n\t\t\t\t\t\t\t\t\t<p>Anfang Oktober fanden eine stattliche Anzahl motivierter Bergwanderer zur j\u00e4hrlichen Tour zusammen. Ziel f\u00fcr drei Tage waren die Blauberge. Ein H\u00f6hengrat (der dem Grenzverlauf entspricht) mit diversen Gipfelzielen zwischen dem Tegernsee in Bayern und dem Achensee in Tirol. Die Gufferth\u00fctte (DAV \u2013 1.475 m) \u201eam Fu\u00df der Blauen Berge\u201c bot uns f\u00fcr zwei \u00dcbernachtungen ein ger\u00e4umiges Lager und versorgte uns vorbildlich.&nbsp;<\/p>\t\t\t\t\t\t\t\t<\/div>\n\t\t\t\t<\/div>\n\t\t\t\t\t<\/div>\n\t\t<\/div>\n\t\t\t\t\t<\/div>\n\t\t<\/section>\n\t\t\t\t<section class=\"elementor-section elementor-top-section elementor-element elementor-element-5e787d6 elementor-section-boxed elementor-section-height-default elementor-section-height-default\" data-id=\"5e787d6\" data-element_type=\"section\" data-e-type=\"section\">\n\t\t\t\t\t\t<div class=\"elementor-container elementor-column-gap-default\">\n\t\t\t\t\t<div class=\"elementor-column elementor-col-100 elementor-top-column elementor-element elementor-element-538a3a8\" data-id=\"538a3a8\" data-element_type=\"column\" data-e-type=\"column\">\n\t\t\t<div class=\"elementor-widget-wrap elementor-element-populated\">\n\t\t\t\t\t\t<section class=\"elementor-section elementor-inner-section elementor-element elementor-element-8dda9bb elementor-section-boxed elementor-section-height-default elementor-section-height-default\" data-id=\"8dda9bb\" data-element_type=\"section\" data-e-type=\"section\">\n\t\t\t\t\t\t<div class=\"elementor-container elementor-column-gap-default\">\n\t\t\t\t\t<div class=\"elementor-column elementor-col-50 elementor-inner-column elementor-element elementor-element-90f109b\" data-id=\"90f109b\" data-element_type=\"column\" data-e-type=\"column\">\n\t\t\t<div class=\"elementor-widget-wrap elementor-element-populated\">\n\t\t\t\t\t\t<div class=\"elementor-element elementor-element-ce10e39 elementor-widget elementor-widget-text-editor\" data-id=\"ce10e39\" data-element_type=\"widget\" data-e-type=\"widget\" data-widget_type=\"text-editor.default\">\n\t\t\t\t<div class=\"elementor-widget-container\">\n\t\t\t\t\t\t\t\t\t<p>Die Anfahrt bis zum Parkplatz in Wildbad Kreuth (801 m) verlief am Sonntagmorgen problemlos. Der erste Wandertag hatte es dann mit 6 Stunden Gehzeit und 1.200 H\u00f6henmetern gleich in sich. Bei der Vorerkundung war die Wolfsschlucht aufgrund Unwettersch\u00e4den nicht zug\u00e4nglich. Alternativ wurde dann der l\u00e4ngere Weg gew\u00e4hlt. Der uns am fr\u00fchen Mittag eine Einkehr auf der idyllischen K\u00f6nigsalm (1.115 m) bescherte.<\/p>\t\t\t\t\t\t\t\t<\/div>\n\t\t\t\t<\/div>\n\t\t\t\t\t<\/div>\n\t\t<\/div>\n\t\t\t\t<div class=\"elementor-column elementor-col-50 elementor-inner-column elementor-element elementor-element-0ca1e25\" data-id=\"0ca1e25\" data-element_type=\"column\" data-e-type=\"column\">\n\t\t\t<div class=\"elementor-widget-wrap elementor-element-populated\">\n\t\t\t\t\t\t<div class=\"elementor-element elementor-element-56e30f9 elementor-widget elementor-widget-image\" data-id=\"56e30f9\" data-element_type=\"widget\" data-e-type=\"widget\" data-widget_type=\"image.default\">\n\t\t\t\t<div class=\"elementor-widget-container\">\n\t\t\t\t\t\t\t\t\t\t\t\t\t\t\t<img fetchpriority=\"high\" decoding=\"async\" width=\"600\" height=\"450\" src=\"https:\/\/svreudern.de\/ski\/wp-content\/uploads\/2023\/10\/Koenigsalm_600.jpg\" class=\"attachment-large size-large wp-image-1369\" alt=\"\" srcset=\"https:\/\/svreudern.de\/ski\/wp-content\/uploads\/2023\/10\/Koenigsalm_600.jpg 600w, https:\/\/svreudern.de\/ski\/wp-content\/uploads\/2023\/10\/Koenigsalm_600-300x225.jpg 300w, https:\/\/svreudern.de\/ski\/wp-content\/uploads\/2023\/10\/Koenigsalm_600-350x263.jpg 350w, https:\/\/svreudern.de\/ski\/wp-content\/uploads\/2023\/10\/Koenigsalm_600-250x188.jpg 250w\" sizes=\"(max-width: 600px) 100vw, 600px\" \/>\t\t\t\t\t\t\t\t\t\t\t\t\t\t\t<\/div>\n\t\t\t\t<\/div>\n\t\t\t\t\t<\/div>\n\t\t<\/div>\n\t\t\t\t\t<\/div>\n\t\t<\/section>\n\t\t\t\t\t<\/div>\n\t\t<\/div>\n\t\t\t\t\t<\/div>\n\t\t<\/section>\n\t\t\t\t<section class=\"elementor-section elementor-top-section elementor-element elementor-element-2c40542 elementor-section-boxed elementor-section-height-default elementor-section-height-default\" data-id=\"2c40542\" data-element_type=\"section\" data-e-type=\"section\">\n\t\t\t\t\t\t<div class=\"elementor-container elementor-column-gap-default\">\n\t\t\t\t\t<div class=\"elementor-column elementor-col-100 elementor-top-column elementor-element elementor-element-7a896dc\" data-id=\"7a896dc\" data-element_type=\"column\" data-e-type=\"column\">\n\t\t\t<div class=\"elementor-widget-wrap elementor-element-populated\">\n\t\t\t\t\t\t<section class=\"elementor-section elementor-inner-section elementor-element elementor-element-375838e elementor-section-boxed elementor-section-height-default elementor-section-height-default\" data-id=\"375838e\" data-element_type=\"section\" data-e-type=\"section\">\n\t\t\t\t\t\t<div class=\"elementor-container elementor-column-gap-default\">\n\t\t\t\t\t<div class=\"elementor-column elementor-col-50 elementor-inner-column elementor-element elementor-element-ef1c7e6\" data-id=\"ef1c7e6\" data-element_type=\"column\" data-e-type=\"column\">\n\t\t\t<div class=\"elementor-widget-wrap elementor-element-populated\">\n\t\t\t\t\t\t<div class=\"elementor-element elementor-element-a8bc058 elementor-widget elementor-widget-image\" data-id=\"a8bc058\" data-element_type=\"widget\" data-e-type=\"widget\" data-widget_type=\"image.default\">\n\t\t\t\t<div class=\"elementor-widget-container\">\n\t\t\t\t\t\t\t\t\t\t\t\t\t\t\t<img decoding=\"async\" width=\"600\" height=\"450\" src=\"https:\/\/svreudern.de\/ski\/wp-content\/uploads\/2023\/10\/Gufferthuette_600.jpg\" class=\"attachment-large size-large wp-image-1367\" alt=\"\" srcset=\"https:\/\/svreudern.de\/ski\/wp-content\/uploads\/2023\/10\/Gufferthuette_600.jpg 600w, https:\/\/svreudern.de\/ski\/wp-content\/uploads\/2023\/10\/Gufferthuette_600-300x225.jpg 300w, https:\/\/svreudern.de\/ski\/wp-content\/uploads\/2023\/10\/Gufferthuette_600-350x263.jpg 350w, https:\/\/svreudern.de\/ski\/wp-content\/uploads\/2023\/10\/Gufferthuette_600-250x188.jpg 250w\" sizes=\"(max-width: 600px) 100vw, 600px\" \/>\t\t\t\t\t\t\t\t\t\t\t\t\t\t\t<\/div>\n\t\t\t\t<\/div>\n\t\t\t\t\t<\/div>\n\t\t<\/div>\n\t\t\t\t<div class=\"elementor-column elementor-col-50 elementor-inner-column elementor-element elementor-element-968a61e\" data-id=\"968a61e\" data-element_type=\"column\" data-e-type=\"column\">\n\t\t\t<div class=\"elementor-widget-wrap elementor-element-populated\">\n\t\t\t\t\t\t<div class=\"elementor-element elementor-element-4ad2bf7 elementor-widget elementor-widget-text-editor\" data-id=\"4ad2bf7\" data-element_type=\"widget\" data-e-type=\"widget\" data-widget_type=\"text-editor.default\">\n\t\t\t\t<div class=\"elementor-widget-container\">\n\t\t\t\t\t\t\t\t\t<p>Der folgende lange Anstieg war fordernd und endete f\u00fcr einen Teil der Gruppe erst auf dem Schildenstein (1.613 m). Mit einigem Auf und ab ging es vorbei an der Blaubergalm zur Gufferth\u00fctte, die wir am Nachmittag zum mehr als verdienten Verweilen auf der Terrasse erreichten.\u00a0<\/p>\t\t\t\t\t\t\t\t<\/div>\n\t\t\t\t<\/div>\n\t\t\t\t\t<\/div>\n\t\t<\/div>\n\t\t\t\t\t<\/div>\n\t\t<\/section>\n\t\t\t\t\t<\/div>\n\t\t<\/div>\n\t\t\t\t\t<\/div>\n\t\t<\/section>\n\t\t\t\t<section class=\"elementor-section elementor-top-section elementor-element elementor-element-ad9608f elementor-section-boxed elementor-section-height-default elementor-section-height-default\" data-id=\"ad9608f\" data-element_type=\"section\" data-e-type=\"section\">\n\t\t\t\t\t\t<div class=\"elementor-container elementor-column-gap-default\">\n\t\t\t\t\t<div class=\"elementor-column elementor-col-100 elementor-top-column elementor-element elementor-element-3f573c6\" data-id=\"3f573c6\" data-element_type=\"column\" data-e-type=\"column\">\n\t\t\t<div class=\"elementor-widget-wrap elementor-element-populated\">\n\t\t\t\t\t\t<section class=\"elementor-section elementor-inner-section elementor-element elementor-element-77d0e8f elementor-section-boxed elementor-section-height-default elementor-section-height-default\" data-id=\"77d0e8f\" data-element_type=\"section\" data-e-type=\"section\">\n\t\t\t\t\t\t<div class=\"elementor-container elementor-column-gap-default\">\n\t\t\t\t\t<div class=\"elementor-column elementor-col-50 elementor-inner-column elementor-element elementor-element-4cfb2e1\" data-id=\"4cfb2e1\" data-element_type=\"column\" data-e-type=\"column\">\n\t\t\t<div class=\"elementor-widget-wrap elementor-element-populated\">\n\t\t\t\t\t\t<div class=\"elementor-element elementor-element-3596b28 elementor-widget elementor-widget-text-editor\" data-id=\"3596b28\" data-element_type=\"widget\" data-e-type=\"widget\" data-widget_type=\"text-editor.default\">\n\t\t\t\t<div class=\"elementor-widget-container\">\n\t\t\t\t\t\t\t\t\t<p>Der Montagmorgen empfing uns wie der Sonntagabend endete: strahlender Sonnenschein bei angenehmen Temperaturen. Nach Fr\u00fchst\u00fcck vom B\u00fcffet: Aufbruch. Zun\u00e4chst zum Halserspitz (1.882 m). Einem Aussichtsgipfel allererste G\u00fcte. Blicke sowohl ins Alpenvorland als auch zum Alpenhauptkamm. Gro\u00dfglockner, Zugspitze, unz\u00e4hlige Andere. Dieses Panorama setzte sich die n\u00e4chsten Stunden auf dem Gratweg der Blauberge (diverse Gipfel um die 1.800 m) fort.\u00a0<\/p>\t\t\t\t\t\t\t\t<\/div>\n\t\t\t\t<\/div>\n\t\t\t\t\t<\/div>\n\t\t<\/div>\n\t\t\t\t<div class=\"elementor-column elementor-col-50 elementor-inner-column elementor-element elementor-element-0348cda\" data-id=\"0348cda\" data-element_type=\"column\" data-e-type=\"column\">\n\t\t\t<div class=\"elementor-widget-wrap elementor-element-populated\">\n\t\t\t\t\t\t<div class=\"elementor-element elementor-element-d0ae554 elementor-widget elementor-widget-image\" data-id=\"d0ae554\" data-element_type=\"widget\" data-e-type=\"widget\" data-widget_type=\"image.default\">\n\t\t\t\t<div class=\"elementor-widget-container\">\n\t\t\t\t\t\t\t\t\t\t\t\t\t\t\t<img decoding=\"async\" width=\"600\" height=\"450\" src=\"https:\/\/svreudern.de\/ski\/wp-content\/uploads\/2023\/10\/Halserspitz_600.jpg\" class=\"attachment-large size-large wp-image-1368\" alt=\"\" srcset=\"https:\/\/svreudern.de\/ski\/wp-content\/uploads\/2023\/10\/Halserspitz_600.jpg 600w, https:\/\/svreudern.de\/ski\/wp-content\/uploads\/2023\/10\/Halserspitz_600-300x225.jpg 300w, https:\/\/svreudern.de\/ski\/wp-content\/uploads\/2023\/10\/Halserspitz_600-350x263.jpg 350w, https:\/\/svreudern.de\/ski\/wp-content\/uploads\/2023\/10\/Halserspitz_600-250x188.jpg 250w\" sizes=\"(max-width: 600px) 100vw, 600px\" \/>\t\t\t\t\t\t\t\t\t\t\t\t\t\t\t<\/div>\n\t\t\t\t<\/div>\n\t\t\t\t\t<\/div>\n\t\t<\/div>\n\t\t\t\t\t<\/div>\n\t\t<\/section>\n\t\t\t\t\t<\/div>\n\t\t<\/div>\n\t\t\t\t\t<\/div>\n\t\t<\/section>\n\t\t\t\t<section class=\"elementor-section elementor-top-section elementor-element elementor-element-2248de7 elementor-section-boxed elementor-section-height-default elementor-section-height-default\" data-id=\"2248de7\" data-element_type=\"section\" data-e-type=\"section\">\n\t\t\t\t\t\t<div class=\"elementor-container elementor-column-gap-default\">\n\t\t\t\t\t<div class=\"elementor-column elementor-col-100 elementor-top-column elementor-element elementor-element-059a744\" data-id=\"059a744\" data-element_type=\"column\" data-e-type=\"column\">\n\t\t\t<div class=\"elementor-widget-wrap elementor-element-populated\">\n\t\t\t\t\t\t<div class=\"elementor-element elementor-element-b094492 elementor-widget elementor-widget-text-editor\" data-id=\"b094492\" data-element_type=\"widget\" data-e-type=\"widget\" data-widget_type=\"text-editor.default\">\n\t\t\t\t<div class=\"elementor-widget-container\">\n\t\t\t\t\t\t\t\t\t<p>Gel\u00e4nde anspruchsvoll und teilweise etwas ausgesetzt. Abstieg vom Grat und ausgiebige Einkehr bei der bereits bekannten Blaubergalm (1.540 m). Auf einer Alternativroute wieder zur Gufferth\u00fctte. Die zahlreichen Eindr\u00fccke mussten verarbeitet werden.<\/p><p>Die anspruchsvollen und anstrengenden ersten beide Tage f\u00fchrten zur Entsch\u00e4rfung und \u00c4nderung der Abstiegsroute. Bescherte uns daf\u00fcr eine ausgedehnte Schlusseinkehr auf der sonnigen Schwaigeralm (804 m). Beste Wetterbedingungen; harmonische Truppe; jede Menge positiver Eindr\u00fccke. So machen Bergtouren Spa\u00df. Auch im n\u00e4chsten Jahr.<\/p><p>Alois f\u00fcr die Abteilung Ski des SV Reudern<\/p><div>\u00a0<\/div>\t\t\t\t\t\t\t\t<\/div>\n\t\t\t\t<\/div>\n\t\t\t\t\t<\/div>\n\t\t<\/div>\n\t\t\t\t\t<\/div>\n\t\t<\/section>\n\t\t\t\t<\/div>\n\t\t","protected":false},"excerpt":{"rendered":"<p>Anfang Oktober fanden eine stattliche Anzahl motivierter Bergwanderer zur j\u00e4hrlichen Tour zusammen. Ziel f\u00fcr drei Tage waren die Blauberge. Ein H\u00f6hengrat (der dem Grenzverlauf entspricht) mit diversen Gipfelzielen zwischen dem <a class=\"more-link\" href=\"https:\/\/svreudern.de\/ski\/?p=1365\">weiterlesen&#8230;<\/a><\/p>\n","protected":false},"author":6,"featured_media":0,"comment_status":"closed","ping_status":"closed","sticky":false,"template":"","format":"standard","meta":{"footnotes":""},"categories":[35],"tags":[],"class_list":["post-1365","post","type-post","status-publish","format-standard","hentry","category-berichte"],"publishpress_future_action":{"enabled":false,"date":"2026-05-03 15:02:24","action":"change-status","newStatus":"draft","terms":[],"taxonomy":"category","extraData":[]},"publishpress_future_workflow_manual_trigger":{"enabledWorkflows":[]},"_links":{"self":[{"href":"https:\/\/svreudern.de\/ski\/index.php?rest_route=\/wp\/v2\/posts\/1365","targetHints":{"allow":["GET"]}}],"collection":[{"href":"https:\/\/svreudern.de\/ski\/index.php?rest_route=\/wp\/v2\/posts"}],"about":[{"href":"https:\/\/svreudern.de\/ski\/index.php?rest_route=\/wp\/v2\/types\/post"}],"author":[{"embeddable":true,"href":"https:\/\/svreudern.de\/ski\/index.php?rest_route=\/wp\/v2\/users\/6"}],"replies":[{"embeddable":true,"href":"https:\/\/svreudern.de\/ski\/index.php?rest_route=%2Fwp%2Fv2%2Fcomments&post=1365"}],"version-history":[{"count":4,"href":"https:\/\/svreudern.de\/ski\/index.php?rest_route=\/wp\/v2\/posts\/1365\/revisions"}],"predecessor-version":[{"id":1372,"href":"https:\/\/svreudern.de\/ski\/index.php?rest_route=\/wp\/v2\/posts\/1365\/revisions\/1372"}],"wp:attachment":[{"href":"https:\/\/svreudern.de\/ski\/index.php?rest_route=%2Fwp%2Fv2%2Fmedia&parent=1365"}],"wp:term":[{"taxonomy":"category","embeddable":true,"href":"https:\/\/svreudern.de\/ski\/index.php?rest_route=%2Fwp%2Fv2%2Fcategories&post=1365"},{"taxonomy":"post_tag","embeddable":true,"href":"https:\/\/svreudern.de\/ski\/index.php?rest_route=%2Fwp%2Fv2%2Ftags&post=1365"}],"curies":[{"name":"wp","href":"https:\/\/api.w.org\/{rel}","templated":true}]}}