{"id":1428,"date":"2024-11-03T16:09:20","date_gmt":"2024-11-03T15:09:20","guid":{"rendered":"https:\/\/svreudern.de\/ski\/?p=1428"},"modified":"2025-09-07T22:20:40","modified_gmt":"2025-09-07T20:20:40","slug":"auf-den-spuren-koenig-ludwigs","status":"publish","type":"post","link":"https:\/\/svreudern.de\/ski\/?p=1428","title":{"rendered":"Auf den Spuren K\u00f6nig Ludwigs"},"content":{"rendered":"\n<p>Unter diesem Motto stand die Wanderung der Abteilung Ski am 3. und 4. Oktober 2024. Ziel war das im Karwendel nahe Kr\u00fcn gelegene Soiernhaus. Seit vielen Jahren eine Alpenvereinsh\u00fctte; urspr\u00fcnglich ein k\u00f6nigliches Jagdhaus nahe den Soiernseen.<\/p>\n\n\n\n<!--more-->\n\n\n\n<p>Der angek\u00fcndigte Dauerregen hatte sich beim Start in Kr\u00fcn gl\u00fccklicherweise noch nicht eingestellt. Zehn motivierte Wanderer erreichten \u00fcber eine recht breite Forststra\u00dfe zun\u00e4chst die Fischbachalm. K\u00e4lte und Wind lie\u00dfen die Pause kurz ausfallen. So dass wir recht z\u00fcgig den Lakaiensteig begingen, benannt nach der Dienerschaft des K\u00f6nigs. Ein handtuchschmaler, teilweise recht ausgesetzter und anspruchsvoller Weg der uns direkt zum Soiernhaus f\u00fchrte. Erst jetzt stellte sich der Regen ein. Die nachmitt\u00e4gliche Umrundung der Soiernseen fiel bei aufziehendem Nebel buchst\u00e4blich ins Wasser.&nbsp;<\/p>\n\n\n\n<p>Also galt unsere ganze Aufmerksamkeit der heimeligen H\u00fctte und den mitgebrachten Karten. Am Binokel-Tisch einen \u201eDurch\u201c nach dem anderen. Einen Eintrag ins Guinnessbuch der Rekorde ergab sich am Skat-Tisch: der \u201egr\u00f6\u00dfte Maurer aller Zeiten\u201c war mit am Tisch.<\/p>\n\n\n\n<p>Der n\u00e4chste Morgen empfing uns mit ordentlich Neuschnee und einer nahezu magischen Stimmung. Anhaltender Schneefall begleitete uns auf dem alternativen Abstiegsweg bis zur Fischbachalm. Bei jetzt leichtem Nieselregen erreichten wir die Auh\u00fctte nahe Wallgau zur ausgiebigen Einkehr bei heimischen Spezialit\u00e4ten. Das letzte leichte Flachst\u00fcck entlang der Isarauen f\u00fchrte uns zur\u00fcck nach Kr\u00fcn.&nbsp;<\/p>\n\n\n\n<p>Ein Danke an alle Teilnehmer f\u00fcr das Vertrauen und die sehr harmonische Stimmung. Da macht es Freude f\u00fcr das kommende Jahr wieder eine Tour zu planen.<\/p>\n\n\n\n<p>Alois f\u00fcr die Abteilung Ski des SV Reudern<\/p>\n\n\n\n<figure class=\"wp-block-image size-large is-resized\"><img fetchpriority=\"high\" decoding=\"async\" width=\"600\" height=\"338\" src=\"http:\/\/svreudern.de\/ski\/wp-content\/uploads\/2024\/11\/SVRS-Wanderung24-1_600-5.jpg\" alt=\"\" class=\"wp-image-1454\" style=\"width:748px;height:auto\" srcset=\"https:\/\/svreudern.de\/ski\/wp-content\/uploads\/2024\/11\/SVRS-Wanderung24-1_600-5.jpg 600w, https:\/\/svreudern.de\/ski\/wp-content\/uploads\/2024\/11\/SVRS-Wanderung24-1_600-5-300x169.jpg 300w\" sizes=\"(max-width: 600px) 100vw, 600px\" \/><\/figure>\n\n\n\n<figure class=\"wp-block-image size-large is-resized\"><img decoding=\"async\" width=\"600\" height=\"338\" src=\"http:\/\/svreudern.de\/ski\/wp-content\/uploads\/2024\/11\/SVRS-Wanderung24-2_600-3.jpg\" alt=\"\" class=\"wp-image-1453\" style=\"width:748px;height:auto\" srcset=\"https:\/\/svreudern.de\/ski\/wp-content\/uploads\/2024\/11\/SVRS-Wanderung24-2_600-3.jpg 600w, https:\/\/svreudern.de\/ski\/wp-content\/uploads\/2024\/11\/SVRS-Wanderung24-2_600-3-300x169.jpg 300w\" sizes=\"(max-width: 600px) 100vw, 600px\" \/><\/figure>\n\n\n\n<figure class=\"wp-block-image size-large is-resized\"><img decoding=\"async\" width=\"600\" height=\"338\" src=\"http:\/\/svreudern.de\/ski\/wp-content\/uploads\/2024\/11\/SVRS-Wanderung24-3_600-4.jpg\" alt=\"\" class=\"wp-image-1452\" style=\"width:748px;height:auto\" srcset=\"https:\/\/svreudern.de\/ski\/wp-content\/uploads\/2024\/11\/SVRS-Wanderung24-3_600-4.jpg 600w, https:\/\/svreudern.de\/ski\/wp-content\/uploads\/2024\/11\/SVRS-Wanderung24-3_600-4-300x169.jpg 300w\" sizes=\"(max-width: 600px) 100vw, 600px\" \/><\/figure>\n","protected":false},"excerpt":{"rendered":"<p>Unter diesem Motto stand die Wanderung der Abteilung Ski am 3. und 4. Oktober 2024. Ziel war das im Karwendel nahe Kr\u00fcn gelegene Soiernhaus. Seit vielen Jahren eine Alpenvereinsh\u00fctte; urspr\u00fcnglich <a class=\"more-link\" href=\"https:\/\/svreudern.de\/ski\/?p=1428\">weiterlesen&#8230;<\/a><\/p>\n","protected":false},"author":6,"featured_media":0,"comment_status":"closed","ping_status":"closed","sticky":false,"template":"","format":"standard","meta":{"footnotes":""},"categories":[35],"tags":[],"class_list":["post-1428","post","type-post","status-publish","format-standard","hentry","category-berichte"],"publishpress_future_action":{"enabled":false,"date":"2026-05-03 15:03:37","action":"change-status","newStatus":"draft","terms":[],"taxonomy":"category","extraData":[]},"publishpress_future_workflow_manual_trigger":{"enabledWorkflows":[]},"_links":{"self":[{"href":"https:\/\/svreudern.de\/ski\/index.php?rest_route=\/wp\/v2\/posts\/1428","targetHints":{"allow":["GET"]}}],"collection":[{"href":"https:\/\/svreudern.de\/ski\/index.php?rest_route=\/wp\/v2\/posts"}],"about":[{"href":"https:\/\/svreudern.de\/ski\/index.php?rest_route=\/wp\/v2\/types\/post"}],"author":[{"embeddable":true,"href":"https:\/\/svreudern.de\/ski\/index.php?rest_route=\/wp\/v2\/users\/6"}],"replies":[{"embeddable":true,"href":"https:\/\/svreudern.de\/ski\/index.php?rest_route=%2Fwp%2Fv2%2Fcomments&post=1428"}],"version-history":[{"count":7,"href":"https:\/\/svreudern.de\/ski\/index.php?rest_route=\/wp\/v2\/posts\/1428\/revisions"}],"predecessor-version":[{"id":1488,"href":"https:\/\/svreudern.de\/ski\/index.php?rest_route=\/wp\/v2\/posts\/1428\/revisions\/1488"}],"wp:attachment":[{"href":"https:\/\/svreudern.de\/ski\/index.php?rest_route=%2Fwp%2Fv2%2Fmedia&parent=1428"}],"wp:term":[{"taxonomy":"category","embeddable":true,"href":"https:\/\/svreudern.de\/ski\/index.php?rest_route=%2Fwp%2Fv2%2Fcategories&post=1428"},{"taxonomy":"post_tag","embeddable":true,"href":"https:\/\/svreudern.de\/ski\/index.php?rest_route=%2Fwp%2Fv2%2Ftags&post=1428"}],"curies":[{"name":"wp","href":"https:\/\/api.w.org\/{rel}","templated":true}]}}