{"id":656,"date":"2018-07-26T13:43:57","date_gmt":"2018-07-26T11:43:57","guid":{"rendered":"http:\/\/www.svreudern-ski.de\/?p=656"},"modified":"2018-11-12T18:47:07","modified_gmt":"2018-11-12T17:47:07","slug":"elementor-656","status":"publish","type":"post","link":"https:\/\/svreudern.de\/ski\/?p=656","title":{"rendered":"Wanderung Abteilung Ski am 21. und 22. Juli 2018"},"content":{"rendered":"\t\t<div data-elementor-type=\"wp-post\" data-elementor-id=\"656\" class=\"elementor elementor-656 elementor-bc-flex-widget\">\n\t\t\t\t\t\t<section class=\"elementor-section elementor-top-section elementor-element elementor-element-de6e365 elementor-section-boxed elementor-section-height-default elementor-section-height-default\" data-id=\"de6e365\" data-element_type=\"section\" data-e-type=\"section\">\n\t\t\t\t\t\t<div class=\"elementor-container elementor-column-gap-default\">\n\t\t\t\t\t<div class=\"elementor-column elementor-col-100 elementor-top-column elementor-element elementor-element-e6ab198\" data-id=\"e6ab198\" data-element_type=\"column\" data-e-type=\"column\">\n\t\t\t<div class=\"elementor-widget-wrap elementor-element-populated\">\n\t\t\t\t\t\t<section class=\"elementor-section elementor-inner-section elementor-element elementor-element-05fff60 elementor-section-boxed elementor-section-height-default elementor-section-height-default\" data-id=\"05fff60\" data-element_type=\"section\" data-e-type=\"section\">\n\t\t\t\t\t\t<div class=\"elementor-container elementor-column-gap-default\">\n\t\t\t\t\t<div class=\"elementor-column elementor-col-50 elementor-inner-column elementor-element elementor-element-92d60bd\" data-id=\"92d60bd\" data-element_type=\"column\" data-e-type=\"column\">\n\t\t\t<div class=\"elementor-widget-wrap elementor-element-populated\">\n\t\t\t\t\t\t<div class=\"elementor-element elementor-element-6fd6d47 elementor-widget elementor-widget-text-editor\" data-id=\"6fd6d47\" data-element_type=\"widget\" data-e-type=\"widget\" data-widget_type=\"text-editor.default\">\n\t\t\t\t<div class=\"elementor-widget-container\">\n\t\t\t\t\t\t\t\t\t<p><style type=\"text\/css\">\n\t<!--\n\t\t@page { margin: 2cm }\n\t\tP { margin-bottom: 0.21cm }\n\t-->\n\t<\/style><\/p><p style=\"margin-bottom: 0cm;\">13 Berg- und Wanderwillige fanden zur diesj\u00e4hrigen Wanderung zusammen. Erstmals erg\u00e4nzt und bewacht von Sch\u00e4ferh\u00fcndin Melua. Ausgangspunkt war die \u201eAlte S\u00e4ge\u201c in Rinnen\/Berwanger Tal\/Tirol. Die arg ung\u00fcnstige Wetterprognose lie\u00df uns jede Menge Regenzeug mitschleppen. Unn\u00f6tig, wie sich herausstellte. Denn nur anf\u00e4nglich minimaler Niederschlag. Nach 1,5 Stunden waren wir am Zwischen- und \u00dcbernachtungsziel angekommen. Der Ehenbichler Alm \u2013 privat und vorbildlich gef\u00fchrt von Marion und Thomas. Die uns bei angenehmen Temperaturen herzlich begr\u00fc\u00dften. Nach Getr\u00e4nkepause standen zwei Gipfel auf dem Programm. Zun\u00e4chst das Galtjoch (ja, tats\u00e4chlich: ein freistehender Gipfel samt Kreuz \u2013 als Joch bezeichnet) und mit dem Schwung des Abstieges gleich noch auf den Hausberg Abendspitze. Nachmittags wieder an der Alm begab sich die H\u00e4lfte der Truppe ins umliegende Gel\u00e4nde zur Pilzsuche. An den gro\u00dfen Mengen Pfifferlingen (vor Ort Eierschwammerl genannt) und ersten, perfekten Steinpilzen hatte Wirtin Marion m\u00e4chtig Freude. Zum Dank wurde eine Runde Schnaps ausgegeben.\u00a0\u00a0<\/p>\t\t\t\t\t\t\t\t<\/div>\n\t\t\t\t<\/div>\n\t\t\t\t\t<\/div>\n\t\t<\/div>\n\t\t\t\t<div class=\"elementor-column elementor-col-50 elementor-inner-column elementor-element elementor-element-0b57ae0\" data-id=\"0b57ae0\" data-element_type=\"column\" data-e-type=\"column\">\n\t\t\t<div class=\"elementor-widget-wrap elementor-element-populated\">\n\t\t\t\t\t\t<div class=\"elementor-element elementor-element-b0d03eb elementor-widget elementor-widget-text-editor\" data-id=\"b0d03eb\" data-element_type=\"widget\" data-e-type=\"widget\" data-widget_type=\"text-editor.default\">\n\t\t\t\t<div class=\"elementor-widget-container\">\n\t\t\t\t\t\t\t\t\t<p style=\"font-family: Roboto, sans-serif; font-size: 16px; font-style: normal; font-weight: 400; margin-bottom: 0cm;\">Abgesehen von uns gab es keine weiteren \u00dcbernachtungsg\u00e4ste. So hatten wir die Alm \u201ef\u00fcr uns\u201c und wurden aufs Beste versorgt. Tags darauf f\u00fchrte uns der Abstieg bei weiterhin guten Bedingungen zum Rotlech-Stausee. Geworfene St\u00f6ckchen konnten allerdings nur Melua zum ausgiebigen Bad bewegen. Alle anderen: Verweigerer. Zeitig zur\u00fcck an der alten S\u00e4ge war eine Einkehr auf der anderen Talseite angesagt. Nach halbst\u00fcndigem Aufstieg erreichten wir die K\u00f6geleh\u00fctte. Ausgiebige Pause; kurzer Abstieg. Unvermeidlich dann das Verlassen dieser liebgewonnenen Ecke der Alpen.<\/p><p style=\"font-family: Roboto, sans-serif; font-size: 16px; font-style: normal; font-weight: 400; margin-bottom: 0cm;\">Ein gro\u00dfer Dank an \u201eunsere Alm\u201c. Und insbesondere an alle Teilnehmer. Einer bunt gemischten Truppe, die sich pr\u00e4chtig versteht. Wir sehen uns sp\u00e4testens wieder zur Tour 2019. Ziel: Bernhardseckh\u00fctte in den Lechtaler Alpen. Berg Heil.<\/p><p style=\"font-family: Roboto, sans-serif; font-size: 16px; font-style: normal; font-weight: 400;\">\u00a0<\/p><p style=\"font-family: Roboto, sans-serif; font-size: 16px; font-style: normal; font-weight: 400; margin-bottom: 0cm;\">Alois Schnorr<\/p>\t\t\t\t\t\t\t\t<\/div>\n\t\t\t\t<\/div>\n\t\t\t\t\t<\/div>\n\t\t<\/div>\n\t\t\t\t\t<\/div>\n\t\t<\/section>\n\t\t\t\t\t<\/div>\n\t\t<\/div>\n\t\t\t\t\t<\/div>\n\t\t<\/section>\n\t\t\t\t<\/div>\n\t\t","protected":false},"excerpt":{"rendered":"<p>13 Berg- und Wanderwillige fanden zur diesj\u00e4hrigen Wanderung zusammen. Erstmals erg\u00e4nzt und bewacht von Sch\u00e4ferh\u00fcndin Melua. Ausgangspunkt war die \u201eAlte S\u00e4ge\u201c in Rinnen\/Berwanger Tal\/Tirol. Die arg ung\u00fcnstige Wetterprognose lie\u00df uns <a class=\"more-link\" href=\"https:\/\/svreudern.de\/ski\/?p=656\">weiterlesen&#8230;<\/a><\/p>\n","protected":false},"author":6,"featured_media":615,"comment_status":"closed","ping_status":"closed","sticky":false,"template":"","format":"standard","meta":{"footnotes":""},"categories":[35],"tags":[],"class_list":["post-656","post","type-post","status-publish","format-standard","has-post-thumbnail","hentry","category-berichte"],"publishpress_future_action":{"enabled":false,"date":"2026-05-03 16:37:50","action":"change-status","newStatus":"draft","terms":[],"taxonomy":"category","extraData":[]},"publishpress_future_workflow_manual_trigger":{"enabledWorkflows":[]},"_links":{"self":[{"href":"https:\/\/svreudern.de\/ski\/index.php?rest_route=\/wp\/v2\/posts\/656","targetHints":{"allow":["GET"]}}],"collection":[{"href":"https:\/\/svreudern.de\/ski\/index.php?rest_route=\/wp\/v2\/posts"}],"about":[{"href":"https:\/\/svreudern.de\/ski\/index.php?rest_route=\/wp\/v2\/types\/post"}],"author":[{"embeddable":true,"href":"https:\/\/svreudern.de\/ski\/index.php?rest_route=\/wp\/v2\/users\/6"}],"replies":[{"embeddable":true,"href":"https:\/\/svreudern.de\/ski\/index.php?rest_route=%2Fwp%2Fv2%2Fcomments&post=656"}],"version-history":[{"count":7,"href":"https:\/\/svreudern.de\/ski\/index.php?rest_route=\/wp\/v2\/posts\/656\/revisions"}],"predecessor-version":[{"id":680,"href":"https:\/\/svreudern.de\/ski\/index.php?rest_route=\/wp\/v2\/posts\/656\/revisions\/680"}],"wp:featuredmedia":[{"embeddable":true,"href":"https:\/\/svreudern.de\/ski\/index.php?rest_route=\/wp\/v2\/media\/615"}],"wp:attachment":[{"href":"https:\/\/svreudern.de\/ski\/index.php?rest_route=%2Fwp%2Fv2%2Fmedia&parent=656"}],"wp:term":[{"taxonomy":"category","embeddable":true,"href":"https:\/\/svreudern.de\/ski\/index.php?rest_route=%2Fwp%2Fv2%2Fcategories&post=656"},{"taxonomy":"post_tag","embeddable":true,"href":"https:\/\/svreudern.de\/ski\/index.php?rest_route=%2Fwp%2Fv2%2Ftags&post=656"}],"curies":[{"name":"wp","href":"https:\/\/api.w.org\/{rel}","templated":true}]}}