{"id":840,"date":"2019-09-28T08:56:33","date_gmt":"2019-09-28T06:56:33","guid":{"rendered":"http:\/\/www.svreudern-ski.de\/?p=840"},"modified":"2020-06-09T20:39:58","modified_gmt":"2020-06-09T18:39:58","slug":"bergwanderung-der-abteilung-ski-vom-14-bis-15-september-2019","status":"publish","type":"post","link":"https:\/\/svreudern.de\/ski\/?p=840","title":{"rendered":"Bergwanderung vom 14. bis 15. September 2019"},"content":{"rendered":"\t\t<div data-elementor-type=\"wp-post\" data-elementor-id=\"840\" class=\"elementor elementor-840\">\n\t\t\t\t\t\t<section class=\"elementor-section elementor-top-section elementor-element elementor-element-0841c66 elementor-section-boxed elementor-section-height-default elementor-section-height-default\" data-id=\"0841c66\" data-element_type=\"section\" data-e-type=\"section\">\n\t\t\t\t\t\t<div class=\"elementor-container elementor-column-gap-default\">\n\t\t\t\t\t<div class=\"elementor-column elementor-col-100 elementor-top-column elementor-element elementor-element-66e8a15\" data-id=\"66e8a15\" data-element_type=\"column\" data-e-type=\"column\">\n\t\t\t<div class=\"elementor-widget-wrap elementor-element-populated\">\n\t\t\t\t\t\t<section class=\"elementor-section elementor-inner-section elementor-element elementor-element-d91e8b6 elementor-section-boxed elementor-section-height-default elementor-section-height-default\" data-id=\"d91e8b6\" data-element_type=\"section\" data-e-type=\"section\">\n\t\t\t\t\t\t<div class=\"elementor-container elementor-column-gap-default\">\n\t\t\t\t\t<div class=\"elementor-column elementor-col-50 elementor-inner-column elementor-element elementor-element-0f68f03\" data-id=\"0f68f03\" data-element_type=\"column\" data-e-type=\"column\">\n\t\t\t<div class=\"elementor-widget-wrap elementor-element-populated\">\n\t\t\t\t\t\t<div class=\"elementor-element elementor-element-9f717c8 elementor-widget elementor-widget-text-editor\" data-id=\"9f717c8\" data-element_type=\"widget\" data-e-type=\"widget\" data-widget_type=\"text-editor.default\">\n\t\t\t\t<div class=\"elementor-widget-container\">\n\t\t\t\t\t\t\t\t\t<p>Die allj\u00e4hrliche Gebirgstour der Skiabteilung f\u00fchrte uns dieses Jahr ins Lechtal. Erstmals fanden sich zur Wanderung drei Generationen ein und dank des eineinhalbj\u00e4hrigen Julius war die Teilnehmerbilanz mit 8 Frauen und 8 M\u00e4nnern ausgeglichen.<\/p>\t\t\t\t\t\t\t\t<\/div>\n\t\t\t\t<\/div>\n\t\t\t\t\t<\/div>\n\t\t<\/div>\n\t\t\t\t<div class=\"elementor-column elementor-col-50 elementor-inner-column elementor-element elementor-element-d1a09e2\" data-id=\"d1a09e2\" data-element_type=\"column\" data-e-type=\"column\">\n\t\t\t<div class=\"elementor-widget-wrap elementor-element-populated\">\n\t\t\t\t\t\t<div class=\"elementor-element elementor-element-0833008 elementor-widget elementor-widget-image\" data-id=\"0833008\" data-element_type=\"widget\" data-e-type=\"widget\" data-widget_type=\"image.default\">\n\t\t\t\t<div class=\"elementor-widget-container\">\n\t\t\t\t\t\t\t\t\t\t\t\t\t\t\t<img fetchpriority=\"high\" decoding=\"async\" width=\"600\" height=\"650\" src=\"https:\/\/svreudern.de\/ski\/wp-content\/uploads\/2019\/09\/190914_141130_600.jpg\" class=\"attachment-large size-large wp-image-844\" alt=\"\" srcset=\"https:\/\/svreudern.de\/ski\/wp-content\/uploads\/2019\/09\/190914_141130_600.jpg 600w, https:\/\/svreudern.de\/ski\/wp-content\/uploads\/2019\/09\/190914_141130_600-277x300.jpg 277w\" sizes=\"(max-width: 600px) 100vw, 600px\" \/>\t\t\t\t\t\t\t\t\t\t\t\t\t\t\t<\/div>\n\t\t\t\t<\/div>\n\t\t\t\t\t<\/div>\n\t\t<\/div>\n\t\t\t\t\t<\/div>\n\t\t<\/section>\n\t\t\t\t\t<\/div>\n\t\t<\/div>\n\t\t\t\t\t<\/div>\n\t\t<\/section>\n\t\t\t\t<section class=\"elementor-section elementor-top-section elementor-element elementor-element-9ebf47e elementor-section-boxed elementor-section-height-default elementor-section-height-default\" data-id=\"9ebf47e\" data-element_type=\"section\" data-e-type=\"section\">\n\t\t\t\t\t\t<div class=\"elementor-container elementor-column-gap-default\">\n\t\t\t\t\t<div class=\"elementor-column elementor-col-100 elementor-top-column elementor-element elementor-element-567e0b5\" data-id=\"567e0b5\" data-element_type=\"column\" data-e-type=\"column\">\n\t\t\t<div class=\"elementor-widget-wrap elementor-element-populated\">\n\t\t\t\t\t\t<div class=\"elementor-element elementor-element-4ece670 elementor-widget elementor-widget-text-editor\" data-id=\"4ece670\" data-element_type=\"widget\" data-e-type=\"widget\" data-widget_type=\"text-editor.default\">\n\t\t\t\t<div class=\"elementor-widget-container\">\n\t\t\t\t\t\t\t\t\t<p><\/p><\/div><\/div><\/div><\/div><\/div><\/section><\/div> <a href=\"https:\/\/svreudern.de\/ski\/?p=840#more-840\" class=\"more-link elementor-more-link\">weiterlesen...<\/a>","protected":false},"excerpt":{"rendered":"<p>Die allj\u00e4hrliche Gebirgstour der Skiabteilung f\u00fchrte uns dieses Jahr ins Lechtal. Erstmals fanden sich zur Wanderung drei Generationen ein und dank des eineinhalbj\u00e4hrigen Julius war die Teilnehmerbilanz mit 8 Frauen <a class=\"more-link\" href=\"https:\/\/svreudern.de\/ski\/?p=840\">weiterlesen&#8230;<\/a><\/p>\n","protected":false},"author":6,"featured_media":0,"comment_status":"closed","ping_status":"closed","sticky":false,"template":"","format":"standard","meta":{"footnotes":""},"categories":[35],"tags":[],"class_list":["post-840","post","type-post","status-publish","format-standard","hentry","category-berichte"],"publishpress_future_action":{"enabled":false,"date":"2026-05-03 16:41:10","action":"change-status","newStatus":"draft","terms":[],"taxonomy":"category","extraData":[]},"publishpress_future_workflow_manual_trigger":{"enabledWorkflows":[]},"_links":{"self":[{"href":"https:\/\/svreudern.de\/ski\/index.php?rest_route=\/wp\/v2\/posts\/840","targetHints":{"allow":["GET"]}}],"collection":[{"href":"https:\/\/svreudern.de\/ski\/index.php?rest_route=\/wp\/v2\/posts"}],"about":[{"href":"https:\/\/svreudern.de\/ski\/index.php?rest_route=\/wp\/v2\/types\/post"}],"author":[{"embeddable":true,"href":"https:\/\/svreudern.de\/ski\/index.php?rest_route=\/wp\/v2\/users\/6"}],"replies":[{"embeddable":true,"href":"https:\/\/svreudern.de\/ski\/index.php?rest_route=%2Fwp%2Fv2%2Fcomments&post=840"}],"version-history":[{"count":5,"href":"https:\/\/svreudern.de\/ski\/index.php?rest_route=\/wp\/v2\/posts\/840\/revisions"}],"predecessor-version":[{"id":848,"href":"https:\/\/svreudern.de\/ski\/index.php?rest_route=\/wp\/v2\/posts\/840\/revisions\/848"}],"wp:attachment":[{"href":"https:\/\/svreudern.de\/ski\/index.php?rest_route=%2Fwp%2Fv2%2Fmedia&parent=840"}],"wp:term":[{"taxonomy":"category","embeddable":true,"href":"https:\/\/svreudern.de\/ski\/index.php?rest_route=%2Fwp%2Fv2%2Fcategories&post=840"},{"taxonomy":"post_tag","embeddable":true,"href":"https:\/\/svreudern.de\/ski\/index.php?rest_route=%2Fwp%2Fv2%2Ftags&post=840"}],"curies":[{"name":"wp","href":"https:\/\/api.w.org\/{rel}","templated":true}]}}